{"id":14500,"date":"2012-06-25T11:38:35","date_gmt":"2012-06-25T09:38:35","guid":{"rendered":"http:\/\/www.zero-yen-media.fr\/home\/?p=14500"},"modified":"2012-06-25T11:38:35","modified_gmt":"2012-06-25T09:38:35","slug":"un-nouveau-tv-special-pour-one-piece","status":"publish","type":"post","link":"https:\/\/www.zero-yen-media.fr\/home2\/2012\/06\/un-nouveau-tv-special-pour-one-piece.html","title":{"rendered":"Un nouveau TV Special pour One Piece"},"content":{"rendered":"<p>Toei Animation a annonc\u00e9, aujourd&rsquo;hui, la diffusion d&rsquo;un nouveau TV Special de One Piece intitul\u00e9 \u00ab\u00a0One Piece Episode of Nami K\u014dkaishi no Namida to Nakama no Kizuna\u00a0\u00bb (\u00ab\u00a0One Piece L&rsquo;Episode de Nami : les larmes du navigateur et les liens d&rsquo;amiti\u00e9\u00a0\u00bb), le samedi 25 ao\u00fbt 2012 \u00e0 21 heures sur la cha\u00eene Fuji TV.<!--more--><\/p>\n<p><a href=\"http:\/\/www.zero-yen-media.fr\/home\/wp-content\/uploads\/2012\/06\/nami_episode.jpg\"><img fetchpriority=\"high\" decoding=\"async\" class=\"aligncenter size-full wp-image-14501\" title=\"nami_episode\" src=\"http:\/\/www.zero-yen-media.fr\/home\/wp-content\/uploads\/2012\/06\/nami_episode.jpg\" alt=\"\" width=\"464\" height=\"356\" \/><\/a><\/p>\n<p>Ce film s&rsquo;inscrit dans l&rsquo;arc de l&rsquo;\u00eele des hommes-poissons actuellement diffus\u00e9 et propose de revivre l&rsquo;\u00e9pisode du village natal de Nami avec une toute nouvelle animation. Dans cette histoire, Nami s&#8217;empare du bateau pirate Going Merry au cours d&rsquo;une bataille, abandonnant ainsi Luffy et le reste de l&rsquo;\u00e9quipage. Ces derniers d\u00e9cident alors de la pourchasser&#8230; Cependant, Nami les m\u00e8ne au village Cocoyashi, une \u00eele contr\u00f4l\u00e9e par le chef de l&rsquo;arm\u00e9e des hommes-poissons, Aaron&#8230;<\/p>\n<p>Voici quelques membres de l&rsquo;\u00e9quipe de production :<\/p>\n<p>R\u00e9alisation :\u00a0 Katsumi Tokoro<\/p>\n<p>Sc\u00e9nario : Hirohiko Kamisaka<\/p>\n<p>Character Design : Yukiko Nakatani<\/p>\n<p>Directeur artistique : Yoshito Watanabe<\/p>\n<p>&nbsp;<\/p>\n<p>&nbsp;<\/p>\n<p>Source : Animenewsnetwork<\/p>\n<p>&nbsp;<\/p>\n<p>&nbsp;<\/p>\n<p>&nbsp;<\/p>\n","protected":false},"excerpt":{"rendered":"<p>Toei Animation a annonc\u00e9, aujourd&rsquo;hui, la diffusion d&rsquo;un nouveau TV Special de One Piece intitul\u00e9 \u00ab\u00a0One Piece Episode of Nami K\u014dkaishi no Namida to Nakama no Kizuna\u00a0\u00bb (\u00ab\u00a0One Piece L&rsquo;Episode de Nami : les larmes du navigateur et les liens d&rsquo;amiti\u00e9\u00a0\u00bb), le samedi 25 ao\u00fbt 2012 \u00e0 21 heures sur la cha\u00eene Fuji TV.<\/p>\n","protected":false},"author":1,"featured_media":14507,"comment_status":"open","ping_status":"open","sticky":false,"template":"","format":"standard","meta":{"ngg_post_thumbnail":0,"footnotes":""},"categories":[15,2,10],"tags":[22195,23331,23713,23936,25128,25260],"class_list":{"0":"post-14500","1":"post","2":"type-post","3":"status-publish","4":"format-standard","5":"has-post-thumbnail","7":"category-anime-anime-cinema","8":"category-anime-cinema","9":"category-news","10":"tag-fuji-tv","11":"tag-luffy","12":"tag-nami","13":"tag-one-piece","14":"tag-toei-animation","15":"tag-tv-special"},"_links":{"self":[{"href":"https:\/\/www.zero-yen-media.fr\/home2\/wp-json\/wp\/v2\/posts\/14500","targetHints":{"allow":["GET"]}}],"collection":[{"href":"https:\/\/www.zero-yen-media.fr\/home2\/wp-json\/wp\/v2\/posts"}],"about":[{"href":"https:\/\/www.zero-yen-media.fr\/home2\/wp-json\/wp\/v2\/types\/post"}],"author":[{"embeddable":true,"href":"https:\/\/www.zero-yen-media.fr\/home2\/wp-json\/wp\/v2\/users\/1"}],"replies":[{"embeddable":true,"href":"https:\/\/www.zero-yen-media.fr\/home2\/wp-json\/wp\/v2\/comments?post=14500"}],"version-history":[{"count":0,"href":"https:\/\/www.zero-yen-media.fr\/home2\/wp-json\/wp\/v2\/posts\/14500\/revisions"}],"wp:featuredmedia":[{"embeddable":true,"href":"https:\/\/www.zero-yen-media.fr\/home2\/wp-json\/"}],"wp:attachment":[{"href":"https:\/\/www.zero-yen-media.fr\/home2\/wp-json\/wp\/v2\/media?parent=14500"}],"wp:term":[{"taxonomy":"category","embeddable":true,"href":"https:\/\/www.zero-yen-media.fr\/home2\/wp-json\/wp\/v2\/categories?post=14500"},{"taxonomy":"post_tag","embeddable":true,"href":"https:\/\/www.zero-yen-media.fr\/home2\/wp-json\/wp\/v2\/tags?post=14500"}],"curies":[{"name":"wp","href":"https:\/\/api.w.org\/{rel}","templated":true}]}}