{"id":20915,"date":"2012-11-30T15:57:16","date_gmt":"2012-11-30T14:57:16","guid":{"rendered":"http:\/\/www.zero-yen-media.fr\/home\/?p=20915"},"modified":"2012-11-30T15:57:16","modified_gmt":"2012-11-30T14:57:16","slug":"les-dates-de-la-prochaine-japan-expo-devoilees","status":"publish","type":"post","link":"https:\/\/www.zero-yen-media.fr\/home2\/2012\/11\/les-dates-de-la-prochaine-japan-expo-devoilees.html","title":{"rendered":"Les dates de la prochaine Japan Expo d\u00e9voil\u00e9es"},"content":{"rendered":"<p>Les organisateurs\u00a0de la Japan Expo vous donnent rendez-vous du 4 au 7 juillet\u00a02013\u00a0au Parc des expositions de Paris-Nord Villepinte\u00a0pour la 14\u00e8me \u00e9dition. Un voyage inoubliable au c\u0153ur de la culture japonaise vous attend\u00a0une nouvelle fois\u00a0avec de nombreux invit\u00e9s et surprises \u00e0 d\u00e9couvrir pendant quatre jours.<!--more--><\/p>\n<p style=\"text-align: center;\"><a href=\"http:\/\/www.zero-yen-media.fr\/home\/wp-content\/uploads\/2012\/11\/logoJE2013.png\"><img fetchpriority=\"high\" decoding=\"async\" class=\"aligncenter size-large wp-image-20917\" src=\"http:\/\/www.zero-yen-media.fr\/home\/wp-content\/uploads\/2012\/11\/logoJE2013-1024x269.png\" alt=\"\" width=\"553\" height=\"145\" \/><\/a><\/p>\n<p>Depuis ses d\u00e9buts, Japan Expo a la vocation de faire d\u00e9couvrir le Japon autrement, de mani\u00e8re ludique et participative. Rendez-vous incontournable pour tous les passionn\u00e9s de culture japonaise, le festival avait accueilli 219 614 visiteurs en juillet dernier lors de son 13e impact.<\/p>\n<p>Cette ann\u00e9e encore, de nombreux \u00e9v\u00e9nements mettront en avant les richesses culturelles et les multiples facettes de ce pays incontournable. Pendant 4 jours, le Parc des expositions de Paris-Nord Villepinte s\u2019appr\u00eate \u00e0 revivre au rythme du Japon, de sa culture et de ses traditions.<\/p>\n<p>&nbsp;<\/p>\n<p>Source : Japan Expo<\/p>\n","protected":false},"excerpt":{"rendered":"<p>Les organisateurs\u00a0de la Japan Expo vous donnent rendez-vous du 4 au 7 juillet\u00a02013\u00a0au Parc des expositions de Paris-Nord Villepinte\u00a0pour la 14\u00e8me \u00e9dition. Un voyage inoubliable au c\u0153ur de la culture japonaise vous attend\u00a0une nouvelle fois\u00a0avec de nombreux invit\u00e9s et surprises \u00e0 d\u00e9couvrir pendant quatre jours.<\/p>\n","protected":false},"author":1,"featured_media":20922,"comment_status":"open","ping_status":"open","sticky":false,"template":"","format":"standard","meta":{"ngg_post_thumbnail":0,"footnotes":""},"categories":[2,4,10],"tags":[20871,21657,21764,22693],"class_list":{"0":"post-20915","1":"post","2":"type-post","3":"status-publish","4":"format-standard","5":"has-post-thumbnail","7":"category-anime-cinema","8":"category-divers","9":"category-news","10":"tag-20871","11":"tag-convention","12":"tag-date","13":"tag-japan-expo"},"_links":{"self":[{"href":"https:\/\/www.zero-yen-media.fr\/home2\/wp-json\/wp\/v2\/posts\/20915","targetHints":{"allow":["GET"]}}],"collection":[{"href":"https:\/\/www.zero-yen-media.fr\/home2\/wp-json\/wp\/v2\/posts"}],"about":[{"href":"https:\/\/www.zero-yen-media.fr\/home2\/wp-json\/wp\/v2\/types\/post"}],"author":[{"embeddable":true,"href":"https:\/\/www.zero-yen-media.fr\/home2\/wp-json\/wp\/v2\/users\/1"}],"replies":[{"embeddable":true,"href":"https:\/\/www.zero-yen-media.fr\/home2\/wp-json\/wp\/v2\/comments?post=20915"}],"version-history":[{"count":0,"href":"https:\/\/www.zero-yen-media.fr\/home2\/wp-json\/wp\/v2\/posts\/20915\/revisions"}],"wp:featuredmedia":[{"embeddable":true,"href":"https:\/\/www.zero-yen-media.fr\/home2\/wp-json\/"}],"wp:attachment":[{"href":"https:\/\/www.zero-yen-media.fr\/home2\/wp-json\/wp\/v2\/media?parent=20915"}],"wp:term":[{"taxonomy":"category","embeddable":true,"href":"https:\/\/www.zero-yen-media.fr\/home2\/wp-json\/wp\/v2\/categories?post=20915"},{"taxonomy":"post_tag","embeddable":true,"href":"https:\/\/www.zero-yen-media.fr\/home2\/wp-json\/wp\/v2\/tags?post=20915"}],"curies":[{"name":"wp","href":"https:\/\/api.w.org\/{rel}","templated":true}]}}