{"id":24190,"date":"2013-02-08T20:13:37","date_gmt":"2013-02-08T19:13:37","guid":{"rendered":"http:\/\/www.zero-yen-media.fr\/home\/?p=24190"},"modified":"2013-02-08T20:13:37","modified_gmt":"2013-02-08T19:13:37","slug":"les-auteurs-de-cesare-au-salon-du-livre","status":"publish","type":"post","link":"https:\/\/www.zero-yen-media.fr\/home2\/2013\/02\/les-auteurs-de-cesare-au-salon-du-livre.html","title":{"rendered":"Les auteurs de \u00ab\u00a0Cesare\u00a0\u00bb au Salon du Livre"},"content":{"rendered":"<p>Les \u00e9ditions Ki-oon sont fi\u00e8res de vous annoncer la venue de Fuyumi SORYO (<em>Cesare<\/em>, <em>ES<\/em>, <em>Mars<\/em>\u2026) et de son co-sc\u00e9nariste, Motoaki HARA, au Salon du Livre 2013, du 22 au 25 mars prochain !<!--more--><\/p>\n<p>Apr\u00e8s un focus sur les coulisses du titre <em><strong>Cesare<\/strong><\/em>, Ki-oon vous propose aujourd\u2019hui d\u2019en apprendre davantage sur les deux auteurs qui portent ce projet passionnant\u2026<\/p>\n<p><strong>Fuyumi SORYO (\u60e3\u9818 \u51ac\u5b9f)<\/strong><\/p>\n<p><a href=\"http:\/\/www.zero-yen-media.fr\/home\/wp-content\/uploads\/2013\/02\/Photo-Soryo_GF.jpg\"><img fetchpriority=\"high\" decoding=\"async\" class=\"alignleft size-medium wp-image-24196\" src=\"http:\/\/www.zero-yen-media.fr\/home\/wp-content\/uploads\/2013\/02\/Photo-Soryo_GF-300x239.jpg\" alt=\"\" width=\"300\" height=\"239\" \/><\/a>N\u00e9e le 6 janvier 1959, Fuyumi Soryo est une artiste japonaise qui compte d\u00e9j\u00e0 pr\u00e8s de 30 ans de carri\u00e8re. Fille d\u2019un ma\u00eetre de th\u00e9\u00e2tre N\u00f4, elle consacre une bonne partie de ses loisirs, enfant, au dessin de chevaux, sans pour autant se destiner au m\u00e9tier de mangaka. Pour financer ses \u00e9tudes de mode, elle participe par hasard \u00e0 un concours organis\u00e9 par l\u2019\u00e9diteur Shogakukan, pour lequel elle obtiendra les f\u00e9licitations du jury. Elle fait ensuite ses d\u00e9buts en avril 1982 avec la publication du sh\u00f4jo Hidamari no h\u00f4monsha.<\/p>\n<p>Avec ses \u0153uvres suivantes, Boyfriend et Mars, elle se taille une solide r\u00e9putation d\u2019auteur sh\u00f4jo de qualit\u00e9, mais se lasse des sch\u00e9mas narratifs centr\u00e9s quasi exclusivement sur la relation amoureuse et d\u00e9cide de migrer vers le c\u00e9l\u00e8bre magazine seinen Morning (Vagabond, Billy Bat, Les Gouttes de Dieu\u2026). Elle y publiera d\u00e8s 2004 Eternal Sabbath, une s\u00e9rie conclue en 8 tomes, avant de se lancer dans l\u2019\u00e9criture de Cesare, r\u00e9cit historique centr\u00e9 sur l\u2019une des \u00e9nigmes de la Renaissance italienne, le c\u00e9l\u00e8bre Cesare Borgia.<\/p>\n<p><strong>Motoaki HARA (\u539f \u57fa\u6676)<\/strong> <a href=\"http:\/\/www.zero-yen-media.fr\/home\/wp-content\/uploads\/2013\/02\/Photo-Hara_GF1.jpg\"><img decoding=\"async\" class=\"alignright size-medium wp-image-24198\" src=\"http:\/\/www.zero-yen-media.fr\/home\/wp-content\/uploads\/2013\/02\/Photo-Hara_GF1-199x300.jpg\" alt=\"\" width=\"199\" height=\"290\" \/><\/a><\/p>\n<p>N\u00e9 en 1967, Motoaki Hara est dipl\u00f4m\u00e9 de l\u2019Universit\u00e9 de Tokyo des \u00e9tudes \u00e9trang\u00e8res. Apr\u00e8s l\u2019obtention d\u2019une bourse du gouvernement italien, il part \u00e9tudier dans la prestigieuse Universit\u00e9 Ca\u2019 Foscari de Venise, o\u00f9 il approfondit sa connaissance de la Renaissance sous la direction du c\u00e9l\u00e8bre professeur Giorgio Padoan. D\u00e9sormais enseignant \u00e0 l\u2019Universit\u00e9 des arts lib\u00e9raux de Tokyo, ainsi qu\u2019\u00e0 l\u2019Universit\u00e9 d\u2019Ochanomizu, ce sp\u00e9cialiste de la litt\u00e9rature et de l\u2019histoire italiennes pr\u00e9pare une nouvelle traduction japonaise de La Divine Com\u00e9die de Dante, \u00e0 para\u00eetre chez l\u2019\u00e9diteur Kodansha en 2013.<\/p>\n<p>&nbsp;<\/p>\n<p>&nbsp;<\/p>\n<p style=\"padding-left: 60px;\"><a href=\"http:\/\/www.zero-yen-media.fr\/home\/wp-content\/uploads\/2013\/02\/Cesare-12.jpg\"><img decoding=\"async\" class=\"alignleft size-medium wp-image-24214\" src=\"http:\/\/www.zero-yen-media.fr\/home\/wp-content\/uploads\/2013\/02\/Cesare-12-216x300.jpg\" alt=\"\" width=\"216\" height=\"300\" \/><\/a><a href=\"http:\/\/www.zero-yen-media.fr\/home\/wp-content\/uploads\/2013\/02\/Cesare-21.jpg\"><img loading=\"lazy\" decoding=\"async\" class=\"alignleft size-medium wp-image-24217\" src=\"http:\/\/www.zero-yen-media.fr\/home\/wp-content\/uploads\/2013\/02\/Cesare-21-216x300.jpg\" alt=\"\" width=\"216\" height=\"300\" \/><\/a><\/p>\n<p>&nbsp;<\/p>\n<p>&nbsp;<\/p>\n<p>&nbsp;<\/p>\n<p>&nbsp;<\/p>\n<p>&nbsp;<\/p>\n<p>&nbsp;<\/p>\n<p>&nbsp;<\/p>\n<p>Mais ce n\u2019est pas tout !<\/p>\n<p>Lors de leur venue, Fuyumi SORYO et Motoaki HARA iront \u00e0 la rencontre du public fran\u00e7ais \u00e0 l\u2019occasion de s\u00e9ances de d\u00e9dicaces et d\u2019une conf\u00e9rence, dont vous trouverez les d\u00e9tails ci-dessous !<\/p>\n<p>Vous pourrez ainsi retrouver les auteurs de Cesare :<\/p>\n<p>&#8211; <strong>Le samedi 23 mars<\/strong><\/p>\n<p>\u00c0 partir de 13h30 et jusqu\u2019\u00e0 15h<br \/>\nAu Salon du Livre, Paris Porte de Versailles \u2013 Pavillon 1, Boulevard Victor, Paris 15e.<br \/>\nM\u00e9tro : Ligne 12 \/ Porte de Versailles &#8211; Ligne 8 \/ Balard<br \/>\nTramway : Ligne T2 &amp; T3, arr\u00eat Porte de Versailles<br \/>\nBus : lignes 39 &#8211; 80, station Porte de Versailles<\/p>\n<p>\u00c0 partir de 18h et jusqu\u2019\u00e0 19h15<\/p>\n<p>FNAC du forum des Halles, Galerie commerciale Forum des Halles, 1\/7 rue Pierre Lescot Paris 1er.<br \/>\nPortes Berger \/ Lescot<br \/>\nM\u00e9tro-RER : Ch\u00e2telet \/ Les Halles.<\/p>\n<p>&#8211; <strong>Le dimanche 24 mars<\/strong><\/p>\n<p>\u00c0 partir de 13h30 et jusqu\u2019\u00e0 15h<\/p>\n<p>Au Salon du Livre, Paris Porte de Versailles \u2013 Pavillon 1, Boulevard Victor, Paris 15e.<br \/>\nM\u00e9tro : Ligne 12 \/ Porte de Versailles &#8211; Ligne 8 \/ Balard<br \/>\nTramway : Ligne T2 &amp; T3, arr\u00eat Porte de Versailles<br \/>\nBus : lignes 39 &#8211; 80, station Porte de Versailles<\/p>\n<p>\u00c0 partir de 15h30 et jusqu\u2019\u00e0 16h30<\/p>\n<p>Au Salon du Livre, Paris Porte de Versailles \u2013 Pavillon 1, Boulevard Victor, Paris 15e.<br \/>\nM\u00e9tro : Ligne 12 \/ Porte de Versailles &#8211; Ligne 8 \/ Balard<br \/>\nTramway : Ligne T2 &amp; T3, arr\u00eat Porte de Versailles<br \/>\nBus : lignes 39 &#8211; 80, station Porte de Versailles<\/p>\n<p>&nbsp;<\/p>\n<p>Source : Editions Ki-oon<\/p>\n","protected":false},"excerpt":{"rendered":"<p>Les \u00e9ditions Ki-oon sont fi\u00e8res de vous annoncer la venue de Fuyumi SORYO (Cesare, ES, Mars\u2026) et de son co-sc\u00e9nariste, Motoaki HARA, au Salon du Livre 2013, du 22 au 25 mars prochain !<\/p>\n","protected":false},"author":1,"featured_media":24196,"comment_status":"open","ping_status":"open","sticky":false,"template":"","format":"standard","meta":{"ngg_post_thumbnail":0,"footnotes":""},"categories":[22,8,10],"tags":[21520,22213,23635,24463],"class_list":{"0":"post-24190","1":"post","2":"type-post","3":"status-publish","4":"format-standard","5":"has-post-thumbnail","7":"category-manga-manga-culture","8":"category-manga-culture","9":"category-news","10":"tag-cesare","11":"tag-fuyumi-soryo","12":"tag-motoaki-hara","13":"tag-salon-du-livre"},"_links":{"self":[{"href":"https:\/\/www.zero-yen-media.fr\/home2\/wp-json\/wp\/v2\/posts\/24190","targetHints":{"allow":["GET"]}}],"collection":[{"href":"https:\/\/www.zero-yen-media.fr\/home2\/wp-json\/wp\/v2\/posts"}],"about":[{"href":"https:\/\/www.zero-yen-media.fr\/home2\/wp-json\/wp\/v2\/types\/post"}],"author":[{"embeddable":true,"href":"https:\/\/www.zero-yen-media.fr\/home2\/wp-json\/wp\/v2\/users\/1"}],"replies":[{"embeddable":true,"href":"https:\/\/www.zero-yen-media.fr\/home2\/wp-json\/wp\/v2\/comments?post=24190"}],"version-history":[{"count":0,"href":"https:\/\/www.zero-yen-media.fr\/home2\/wp-json\/wp\/v2\/posts\/24190\/revisions"}],"wp:featuredmedia":[{"embeddable":true,"href":"https:\/\/www.zero-yen-media.fr\/home2\/wp-json\/"}],"wp:attachment":[{"href":"https:\/\/www.zero-yen-media.fr\/home2\/wp-json\/wp\/v2\/media?parent=24190"}],"wp:term":[{"taxonomy":"category","embeddable":true,"href":"https:\/\/www.zero-yen-media.fr\/home2\/wp-json\/wp\/v2\/categories?post=24190"},{"taxonomy":"post_tag","embeddable":true,"href":"https:\/\/www.zero-yen-media.fr\/home2\/wp-json\/wp\/v2\/tags?post=24190"}],"curies":[{"name":"wp","href":"https:\/\/api.w.org\/{rel}","templated":true}]}}