{"id":25660,"date":"2013-03-14T12:35:36","date_gmt":"2013-03-14T11:35:36","guid":{"rendered":"http:\/\/www.zero-yen-media.fr\/home\/?p=25660"},"modified":"2013-03-14T12:35:36","modified_gmt":"2013-03-14T11:35:36","slug":"le-manga-historique-cesare-sanime","status":"publish","type":"post","link":"https:\/\/www.zero-yen-media.fr\/home2\/2013\/03\/le-manga-historique-cesare-sanime.html","title":{"rendered":"Le manga historique \u00ab\u00a0Cesare\u00a0\u00bb s&rsquo;anime"},"content":{"rendered":"<p><em><strong>Cesare<\/strong><\/em>, le manga historique sign\u00e9 Fuyumi S\u00f4ry\u00f4, arrivera en librairie jeudi prochain (le 21 mars) avec les deux premiers tomes.<!--more--><\/p>\n<p><a href=\"http:\/\/www.zero-yen-media.fr\/home\/2013\/02\/ki-oon-focus-special-cesare.html\/cesare-1\" rel=\"attachment wp-att-23856\"><img fetchpriority=\"high\" decoding=\"async\" class=\"alignleft size-medium wp-image-23856\" title=\"Cesare 1\" src=\"http:\/\/www.zero-yen-media.fr\/home\/wp-content\/uploads\/2013\/02\/Cesare-1-216x300.jpg\" alt=\"\" width=\"200\" height=\"300\" \/><\/a>Tout juste arriv\u00e9 \u00e0 l\u2019universit\u00e9 de Pise, Angelo Da Canossa d\u00e9couvre \u00e0 ses d\u00e9pens que les rivalit\u00e9s politiques entretiennent un climat de tensions entre cercles estudiantins. Chance ou d\u00e9veine ? Ses premiers pas dans ce monde dangereux l\u2019am\u00e8nent sur le chemin de Cesare Borgia, jeune homme brillant, charismatique, dont le destin est d\u00e9j\u00e0 intimement li\u00e9 au pouvoir&#8230;<\/p>\n<p>Entre pr\u00e9cision historique et plaisir de lire, Ki-oon vous a concoct\u00e9 <a href=\"http:\/\/www.ki-oon.com\/news\/61-cesare-se-fait-desirer-en-trailer.html\" target=\"_blank\" rel=\"noopener\">une bande-annonce<\/a> des plus captivantes\u2026 Cesare d\u00e9peint avec justesse l\u2019Italie de la Renaissance.<\/p>\n<p>Et surtout, ne manquez pas l\u2019auteur Fuyumi S\u00f4ry\u00f4 et son co-sc\u00e9nariste Motoaki Hara au Salon du livre de Paris du 22 au 25 mars 2013.<\/p>\n<p>&nbsp;<\/p>\n<p>Source : Ki-oon<\/p>\n","protected":false},"excerpt":{"rendered":"<p>Cesare, le manga historique sign\u00e9 Fuyumi S\u00f4ry\u00f4, arrivera en librairie jeudi prochain (le 21 mars) avec les deux premiers tomes.<\/p>\n","protected":false},"author":1,"featured_media":25236,"comment_status":"open","ping_status":"open","sticky":false,"template":"","format":"standard","meta":{"ngg_post_thumbnail":0,"footnotes":""},"categories":[22,8,10],"tags":[21520,22918],"class_list":{"0":"post-25660","1":"post","2":"type-post","3":"status-publish","4":"format-standard","5":"has-post-thumbnail","7":"category-manga-manga-culture","8":"category-manga-culture","9":"category-news","10":"tag-cesare","11":"tag-ki-oon"},"_links":{"self":[{"href":"https:\/\/www.zero-yen-media.fr\/home2\/wp-json\/wp\/v2\/posts\/25660","targetHints":{"allow":["GET"]}}],"collection":[{"href":"https:\/\/www.zero-yen-media.fr\/home2\/wp-json\/wp\/v2\/posts"}],"about":[{"href":"https:\/\/www.zero-yen-media.fr\/home2\/wp-json\/wp\/v2\/types\/post"}],"author":[{"embeddable":true,"href":"https:\/\/www.zero-yen-media.fr\/home2\/wp-json\/wp\/v2\/users\/1"}],"replies":[{"embeddable":true,"href":"https:\/\/www.zero-yen-media.fr\/home2\/wp-json\/wp\/v2\/comments?post=25660"}],"version-history":[{"count":0,"href":"https:\/\/www.zero-yen-media.fr\/home2\/wp-json\/wp\/v2\/posts\/25660\/revisions"}],"wp:featuredmedia":[{"embeddable":true,"href":"https:\/\/www.zero-yen-media.fr\/home2\/wp-json\/"}],"wp:attachment":[{"href":"https:\/\/www.zero-yen-media.fr\/home2\/wp-json\/wp\/v2\/media?parent=25660"}],"wp:term":[{"taxonomy":"category","embeddable":true,"href":"https:\/\/www.zero-yen-media.fr\/home2\/wp-json\/wp\/v2\/categories?post=25660"},{"taxonomy":"post_tag","embeddable":true,"href":"https:\/\/www.zero-yen-media.fr\/home2\/wp-json\/wp\/v2\/tags?post=25660"}],"curies":[{"name":"wp","href":"https:\/\/api.w.org\/{rel}","templated":true}]}}