{"id":25716,"date":"2013-03-14T21:51:38","date_gmt":"2013-03-14T20:51:38","guid":{"rendered":"http:\/\/www.zero-yen-media.fr\/home\/?p=25716"},"modified":"2013-03-14T21:51:38","modified_gmt":"2013-03-14T20:51:38","slug":"les-akb48-au-chevet-du-tohoku","status":"publish","type":"post","link":"https:\/\/www.zero-yen-media.fr\/home2\/2013\/03\/les-akb48-au-chevet-du-tohoku.html","title":{"rendered":"Les AKB48 au chevet du T\u00f4hoku"},"content":{"rendered":"<p>Il y a 3 jours, les <em>AKB48<\/em> et leurs \u00ab\u00a0s\u0153urs\u00a0\u00bb des <em>SKE48<\/em>, <em>HKT48<\/em> et <em>NMB48<\/em> ont donn\u00e9 une s\u00e9rie de concerts pour les 2 ans du tsunami survenu dans la r\u00e9gion du <em>T\u00f4hoku<\/em>.<!--more--><\/p>\n<p><img fetchpriority=\"high\" decoding=\"async\" class=\"aligncenter size-full wp-image-25722\" title=\"akb3\" src=\"http:\/\/www.zero-yen-media.fr\/home\/wp-content\/uploads\/2013\/03\/akb3.jpeg\" alt=\"\" width=\"470\" height=\"333\" \/><\/p>\n<p>Nous nous souvenons tous des \u00e9v\u00e9nements tragiques qui ont touch\u00e9 la r\u00e9gion de <em>Fukushima<\/em> en 2011: un gigantesque tsunami suivi de tremblements de terre r\u00e9p\u00e9t\u00e9s ont mis \u00e0 mal toute cette zone du Japon et ses habitants. 2 ans d\u00e9j\u00e0 se sont \u00e9coul\u00e9s et pourtant, nous nous devons de ne pas oublier et d&rsquo;honorer la m\u00e9moire de ceux qui y ont laiss\u00e9 leurs vies et de c\u00e9l\u00e9brer ceux qui ont donn\u00e9 de leur temps afin d&rsquo;aider les survivants.<\/p>\n<p>C&rsquo;est dans ce contexte de solidarit\u00e9 que les demoiselles des groupes <em>AKB48<\/em>, <em>SKE48<\/em>, <em>HKT48<\/em> et <em>NMB48<\/em> se sont produites dans le <em>T\u00f4hoku<\/em> afin de soutenir la reconstruction des zones sinistr\u00e9es.<\/p>\n<p>Elles se sont egalement rendues dans 10 lieux touch\u00e9s par la trag\u00e9die et ont observ\u00e9 quelques minutes de silence afin de rendre hommage aux victimes. Un total de 12 chansons ont \u00e9t\u00e9 interpr\u00e9t\u00e9es \u00e0 chaque endroit dans les villes de <em>Iwate<\/em> (Otsuchi-cho, Kamaishi, Rikuzentakata et Yamada-machi), <em>Miyagi<\/em> (Kesennuma, Onagawa-cho, Watari-cho et Takajo) et <em>Fukushima<\/em> (Minamisoma et Iwaki). D&rsquo;ailleurs, \u00e0 cette occasion, leur chanson <em>Tenohira ga Kataru Koto<\/em> <a title=\"AKB48\" href=\"http:\/\/www.akb48.co.jp\/darekanotameni\/\" target=\"_blank\" rel=\"noopener\">peut \u00eatre t\u00e9l\u00e9charg\u00e9e gratuitement<\/a>. Si le c\u0153ur vous en dit, vous \u00eates chaudement invit\u00e9s \u00e0 faire un don, m\u00eame modeste, au moment du t\u00e9l\u00e9chargement.<\/p>\n<p>Je vous propose de d\u00e9couvrir tout cela en images dans la petite galerie ci-dessous. J&rsquo;en profite egalement pour exprimer tout le soutien et l&rsquo;admiration de la team de Zero Yen aux habitants de cette r\u00e9gion pour leur courage et leur d\u00e9termination face \u00e0 cette horrible \u00e9preuve.<\/p>\nngg_shortcode_0_placeholder\n<p>Source : <a title=\"Oricon News\" href=\"http:\/\/www.oricon.co.jp\/news\/confidence\/2022484\/full\/\" target=\"_blank\" rel=\"noopener\">Oricon<\/a><\/p>\n","protected":false},"excerpt":{"rendered":"<p>Il y a 3 jours, les AKB48 et leurs \u00ab\u00a0s\u0153urs\u00a0\u00bb des SKE48, HKT48 et NMB48 ont donn\u00e9 une s\u00e9rie de concerts pour les 2 ans du tsunami survenu dans la r\u00e9gion du T\u00f4hoku.<\/p>\n","protected":false},"author":1,"featured_media":25721,"comment_status":"open","ping_status":"open","sticky":false,"template":"","format":"standard","meta":{"ngg_post_thumbnail":0,"footnotes":""},"categories":[2,4,9,10],"tags":[21019,22203,22515,23838,24680,25026,25133],"class_list":{"0":"post-25716","1":"post","2":"type-post","3":"status-publish","4":"format-standard","5":"has-post-thumbnail","7":"category-anime-cinema","8":"category-divers","9":"category-musique","10":"category-news","11":"tag-akb48","12":"tag-fukushima","13":"tag-hkt48","14":"tag-nmb48","15":"tag-ske48","16":"tag-tenohira-ga-kataru-koto","17":"tag-tohoku"},"_links":{"self":[{"href":"https:\/\/www.zero-yen-media.fr\/home2\/wp-json\/wp\/v2\/posts\/25716","targetHints":{"allow":["GET"]}}],"collection":[{"href":"https:\/\/www.zero-yen-media.fr\/home2\/wp-json\/wp\/v2\/posts"}],"about":[{"href":"https:\/\/www.zero-yen-media.fr\/home2\/wp-json\/wp\/v2\/types\/post"}],"author":[{"embeddable":true,"href":"https:\/\/www.zero-yen-media.fr\/home2\/wp-json\/wp\/v2\/users\/1"}],"replies":[{"embeddable":true,"href":"https:\/\/www.zero-yen-media.fr\/home2\/wp-json\/wp\/v2\/comments?post=25716"}],"version-history":[{"count":0,"href":"https:\/\/www.zero-yen-media.fr\/home2\/wp-json\/wp\/v2\/posts\/25716\/revisions"}],"wp:featuredmedia":[{"embeddable":true,"href":"https:\/\/www.zero-yen-media.fr\/home2\/wp-json\/"}],"wp:attachment":[{"href":"https:\/\/www.zero-yen-media.fr\/home2\/wp-json\/wp\/v2\/media?parent=25716"}],"wp:term":[{"taxonomy":"category","embeddable":true,"href":"https:\/\/www.zero-yen-media.fr\/home2\/wp-json\/wp\/v2\/categories?post=25716"},{"taxonomy":"post_tag","embeddable":true,"href":"https:\/\/www.zero-yen-media.fr\/home2\/wp-json\/wp\/v2\/tags?post=25716"}],"curies":[{"name":"wp","href":"https:\/\/api.w.org\/{rel}","templated":true}]}}