{"id":31981,"date":"2013-07-30T22:16:09","date_gmt":"2013-07-30T20:16:09","guid":{"rendered":"http:\/\/www.zero-yen-media.fr\/home\/?p=31981"},"modified":"2013-07-30T22:16:09","modified_gmt":"2013-07-30T20:16:09","slug":"superfly-signe-la-chanson-anniversaire-des-25-ans-de-j-wave","status":"publish","type":"post","link":"https:\/\/www.zero-yen-media.fr\/home2\/2013\/07\/superfly-signe-la-chanson-anniversaire-des-25-ans-de-j-wave.html","title":{"rendered":"Superfly signe la chanson-anniversaire des 25 ans de J-WAVE"},"content":{"rendered":"<p>Le groupe <em>Superfly<\/em>, dor\u00e9navant compos\u00e9 de la chanteuse<em> Ochi Shiho<\/em> seulement, sera l&rsquo;auteur de la chanson-anniversaire de la c\u00e9l\u00e8bre radio japonaise <em>J-WAVE<\/em>.<!--more--><\/p>\n<p style=\"text-align: center;\"><img fetchpriority=\"high\" decoding=\"async\" class=\"aligncenter size-full wp-image-32113\" title=\"Superfly_JWAVE_25th \u00a9 Warner Music Japan\" src=\"http:\/\/www.zero-yen-media.fr\/home\/wp-content\/uploads\/2013\/07\/Superfly_JWAVE_25th.jpg\" alt=\"\" width=\"549\" height=\"365\" \/><\/p>\n<p>En effet, <em>J-WAVE<\/em> souffle cette ann\u00e9e ses 25 bougies au mois d&rsquo;octobre ! La radio d\u00e9buta sous le nom de <em>FM Japan<\/em> en \u00e9mettant depuis <em>Tokyo Tower<\/em> le 1er octobre 1988. Depuis le 23 avril 2012, son \u00e9metteur a \u00e9t\u00e9 d\u00e9plac\u00e9 au sommet du <em>Tokyo Sky Tree<\/em>, qui culmine \u00e0 634 m\u00e8tres contre 333 pour <em>Tokyo Tower<\/em>.<\/p>\n<p>Pour c\u00e9l\u00e9brer comme il se doit cet \u00e9v\u00e9nement, <em>Superfly<\/em> a donc \u00e9crit tout sp\u00e9cialement pour l&rsquo;occasion le titre <em>Starting Over<\/em>. Il commencera \u00e0 \u00eatre diffus\u00e9 sur les ondes de la radio tokyo\u00efte d\u00e8s le 1er ao\u00fbt prochain. Pas d&rsquo;extrait du morceau pour le moment mais cela ne devrait pas trop tarder.<\/p>\n<p>Source : <a title=\"natalie\" href=\"http:\/\/natalie.mu\/music\/news\/95812http:\/\/\" target=\"_blank\" rel=\"noopener\">natalie<\/a><\/p>\n","protected":false},"excerpt":{"rendered":"<p>Le groupe Superfly, dor\u00e9navant compos\u00e9 de la chanteuse Ochi Shiho seulement, sera l&rsquo;auteur de la chanson-anniversaire de la c\u00e9l\u00e8bre radio japonaise J-WAVE.<\/p>\n","protected":false},"author":1,"featured_media":32112,"comment_status":"open","ping_status":"open","sticky":false,"template":"","format":"standard","meta":{"ngg_post_thumbnail":0,"footnotes":""},"categories":[9,10],"tags":[20884,21116,22676,24235,24893],"class_list":{"0":"post-31981","1":"post","2":"type-post","3":"status-publish","4":"format-standard","5":"has-post-thumbnail","7":"category-musique","8":"category-news","9":"tag-25-ans","10":"tag-anniversaire","11":"tag-j-wave","12":"tag-radio","13":"tag-superfly"},"_links":{"self":[{"href":"https:\/\/www.zero-yen-media.fr\/home2\/wp-json\/wp\/v2\/posts\/31981","targetHints":{"allow":["GET"]}}],"collection":[{"href":"https:\/\/www.zero-yen-media.fr\/home2\/wp-json\/wp\/v2\/posts"}],"about":[{"href":"https:\/\/www.zero-yen-media.fr\/home2\/wp-json\/wp\/v2\/types\/post"}],"author":[{"embeddable":true,"href":"https:\/\/www.zero-yen-media.fr\/home2\/wp-json\/wp\/v2\/users\/1"}],"replies":[{"embeddable":true,"href":"https:\/\/www.zero-yen-media.fr\/home2\/wp-json\/wp\/v2\/comments?post=31981"}],"version-history":[{"count":0,"href":"https:\/\/www.zero-yen-media.fr\/home2\/wp-json\/wp\/v2\/posts\/31981\/revisions"}],"wp:featuredmedia":[{"embeddable":true,"href":"https:\/\/www.zero-yen-media.fr\/home2\/wp-json\/"}],"wp:attachment":[{"href":"https:\/\/www.zero-yen-media.fr\/home2\/wp-json\/wp\/v2\/media?parent=31981"}],"wp:term":[{"taxonomy":"category","embeddable":true,"href":"https:\/\/www.zero-yen-media.fr\/home2\/wp-json\/wp\/v2\/categories?post=31981"},{"taxonomy":"post_tag","embeddable":true,"href":"https:\/\/www.zero-yen-media.fr\/home2\/wp-json\/wp\/v2\/tags?post=31981"}],"curies":[{"name":"wp","href":"https:\/\/api.w.org\/{rel}","templated":true}]}}