{"id":37147,"date":"2014-01-28T11:04:18","date_gmt":"2014-01-28T10:04:18","guid":{"rendered":"http:\/\/www.zero-yen-media.fr\/home\/?p=37147"},"modified":"2014-01-28T11:04:18","modified_gmt":"2014-01-28T10:04:18","slug":"les-nouveautes-glenat-du-mois-de-fevrier-2014","status":"publish","type":"post","link":"https:\/\/www.zero-yen-media.fr\/home2\/2014\/01\/les-nouveautes-glenat-du-mois-de-fevrier-2014.html","title":{"rendered":"Les nouveaut\u00e9s Gl\u00e9nat du mois de f\u00e9vrier 2014"},"content":{"rendered":"<p>Les \u00e9ditions Gl\u00e9nat vous pr\u00e9sentent les nouveaut\u00e9s qui para\u00eetront au mois de f\u00e9vrier.<!--more--><\/p>\n<p><span style=\"color: #ff0000;\"><strong>SORTIE LE 5 FEVRIER<\/strong><\/span><\/p>\n<p><strong>Kilari Star Vol. 4<\/strong><\/p>\n<p><a href=\"http:\/\/www.zero-yen-media.fr\/home\/wp-content\/uploads\/2014\/01\/kilari-star_4.jpg\"><img fetchpriority=\"high\" decoding=\"async\" class=\"alignleft size-medium wp-image-37196\" src=\"http:\/\/www.zero-yen-media.fr\/home\/wp-content\/uploads\/2014\/01\/kilari-star_4-208x300.jpg\" alt=\"\" width=\"200\" height=\"300\" \/><\/a>Je m\u2019appelle Kilari Tsukishima et j\u2019ai 14 ans. Je suis devenue idole pour me rapprocher de Seiji, du c\u00e9l\u00e8bre duo d\u2019idoles \u201cSHIPS\u201d mais je suis en fait tomb\u00e9e amoureuse d\u2019Hiroto, l\u2019autre chanteur du groupe. Cette fois, pour la Saint-Valentin, je vais pr\u00e9parer des chocolats pour toute l&rsquo;\u00e9quipe de tournage, m\u00eame si \u00e7a risque de rendre tout le monde malade. Je compte aussi aider une camarade de classe qui r\u00eave d&rsquo;\u00eatre artiste comique. Sans oublier mon fr\u00e8re Subaru, que j\u2019ai h\u00e2te de retrouver \u00e0 New York !!!<\/p>\n<p><strong>Auteurs :<\/strong><em> An Nakahara et Taeko Ikeda<\/em><br \/>\n<strong>Prix de vente : <\/strong><em>6,90 \u20ac<\/em><br \/>\n<strong>Nombre de volumes :<\/strong><em> 6 (s\u00e9rie termin\u00e9e)<\/em><\/p>\n<p>&nbsp;<\/p>\n<p><strong>Baby-sitters Vol. 2<\/strong><\/p>\n<p><a href=\"http:\/\/www.zero-yen-media.fr\/home\/wp-content\/uploads\/2014\/01\/baby-sitters_2.jpg\"><img decoding=\"async\" class=\"alignleft size-medium wp-image-37197\" src=\"http:\/\/www.zero-yen-media.fr\/home\/wp-content\/uploads\/2014\/01\/baby-sitters_2-192x300.jpg\" alt=\"\" width=\"200\" height=\"300\" \/><\/a>Ryuichi et son petit fr\u00e8re Kotaro ont \u00e9t\u00e9 recueillis \u00e0 l\u2019Acad\u00e9mie Morinomiya \u00e0 condition que l\u2019a\u00een\u00e9 travaille comme baby-sitter dans la cr\u00e8che de l\u2019\u00e9tablissement. Se perdre lors d\u2019une visite au zoo, s\u2019enthousiasmer pour un poussin sorti de l\u2019\u0153uf, le quotidien avec les b\u00e9b\u00e9s est fait de tumultes en s\u00e9rie\u00a0! Et voici que le club des baby-sitters accueille de nouveaux membres\u00a0?!<\/p>\n<p><strong>Auteur :<\/strong><em> Hari Tokeino<\/em><br \/>\n<strong>Prix de vente : <\/strong><em>6,90 \u20ac<\/em><br \/>\n<strong>Nombre de volumes :<\/strong><em> 8 (s\u00e9rie en cours)<\/em><\/p>\n<p>&nbsp;<\/p>\n<p>&nbsp;<\/p>\n<p><strong>L&rsquo;Acad\u00e9mie Alice Vol. 29<\/strong><\/p>\n<p><a href=\"http:\/\/www.zero-yen-media.fr\/home\/wp-content\/uploads\/2014\/01\/academie-alice_29.jpg\"><img decoding=\"async\" class=\"alignleft size-medium wp-image-37198\" src=\"http:\/\/www.zero-yen-media.fr\/home\/wp-content\/uploads\/2014\/01\/academie-alice_29-192x300.jpg\" alt=\"\" width=\"200\" height=\"300\" \/><\/a>Natsume ayant employ\u00e9 son pouvoir au p\u00e9ril de sa vie, son c\u0153ur s\u2019est arr\u00eat\u00e9 de battre ! Mikan tente de le gu\u00e9rir en \u00e9change de son propre alice, mais\u2026 Hotaru, elle, voyage dans le temps en qu\u00eate d\u2019un traitement mais l\u2019Acad\u00e9mie reste sans nouvelles d\u2019elle. L\u2019angoisse se prolonge et, alors que la paix revient peu \u00e0 peu, l\u2019Acad\u00e9mie fait part \u00e0 Mikan d\u2019une d\u00e9cision la concernant !<\/p>\n<p><strong>Auteur :<\/strong><em> Tachibana Higuchi<\/em><br \/>\n<strong>Prix de vente : <\/strong><em>6,90 \u20ac<\/em><br \/>\n<strong>Nombre de volumes :<\/strong><em> 31 (s\u00e9rie termin\u00e9e)<\/em><\/p>\n<p>&nbsp;<\/p>\n<p>&nbsp;<\/p>\n<p><strong>Monochrome Animals Vol. 10<\/strong><\/p>\n<p><a href=\"http:\/\/www.zero-yen-media.fr\/home\/wp-content\/uploads\/2014\/01\/monochrome-animals_10.jpg\"><img loading=\"lazy\" decoding=\"async\" class=\"alignleft size-medium wp-image-37199\" src=\"http:\/\/www.zero-yen-media.fr\/home\/wp-content\/uploads\/2014\/01\/monochrome-animals_10-190x300.jpg\" alt=\"\" width=\"200\" height=\"300\" \/><\/a>Kureha vit son 2e festival de Kedako ! Elle a planifi\u00e9 l&rsquo;\u00e9v\u00e9nement principal de cette ann\u00e9e, et monte sur sc\u00e8ne devant l&rsquo;assembl\u00e9e g\u00e9n\u00e9rale des \u00e9l\u00e8ves apr\u00e8s s&rsquo;\u00eatre maquill\u00e9e comme Chocho le lui a appris ! Surprise par sa beaut\u00e9, l&rsquo;assistance est en d\u00e9lire. Mais Ukyo panique et entreprend de l\u2019enlever au nez et \u00e0 la barbe de tous\u2026<\/p>\n<p><strong>Auteur :<\/strong><em> Ry\u00f4ko Fukuyama<\/em><br \/>\n<strong>Prix de vente : <\/strong><em>6,90 \u20ac<\/em><br \/>\n<strong>Nombre de volumes :<\/strong><em> 12 (s\u00e9rie termin\u00e9e)<br \/>\n<\/em><\/p>\n<p>&nbsp;<\/p>\n<p>&nbsp;<\/p>\n<p>&nbsp;<\/p>\n<p><strong>Nijika &#8211; Actrice de r\u00eave Vol. 2<\/strong><\/p>\n<p><a href=\"http:\/\/www.zero-yen-media.fr\/home\/wp-content\/uploads\/2014\/01\/nijika_4.jpg\"><img loading=\"lazy\" decoding=\"async\" class=\"alignleft size-medium wp-image-37200\" src=\"http:\/\/www.zero-yen-media.fr\/home\/wp-content\/uploads\/2014\/01\/nijika_4-190x300.jpg\" alt=\"\" width=\"200\" height=\"300\" \/><\/a>Je m\u2019appelle Nijika Kohinata, j\u2019ai 12 ans et je suis en sixi\u00e8me. Je r\u00eave de devenir actrice et d\u2019obtenir le prisme de diamant. Seulement, pour atteindre ce but, je dois me faire passer pour une fille de 16 ans !<br \/>\nPour la premi\u00e8re fois de ma carri\u00e8re, j\u2019ai obtenu un r\u00f4le important dans une s\u00e9rie et les critiques sont bonnes. Mais un r\u00f4le plus incroyable encore m\u2019attend : je vais partager l\u2019\u00e9cran avec Ria dans le nouveau film produit par TV Sa\u00efkyo ! \u00c7a ne va pas \u00eatre facile, mais j\u2019adore jouer la com\u00e9die et je vais faire de mon mieux.<br \/>\nAucun r\u00eave n\u2019est trop grand quand on est pr\u00eate \u00e0 faire des efforts !<\/p>\n<p><strong>Auteur :<\/strong><em> An Nakahara<\/em><br \/>\n<strong>Prix de vente : <\/strong><em>6,90 \u20ac<\/em><br \/>\n<strong>Nombre de volumes :<\/strong><em> 5 (s\u00e9rie termin\u00e9e)<\/em><\/p>\n<p>&nbsp;<\/p>\n<p><span style=\"color: #ff0000;\"><strong>SORTIE LE 19 FEVRIER<\/strong><\/span><\/p>\n<p><strong>Woodstock Vol. 5<\/strong><\/p>\n<p><a href=\"http:\/\/www.zero-yen-media.fr\/home\/wp-content\/uploads\/2014\/01\/woodstock_5.jpg\"><img loading=\"lazy\" decoding=\"async\" class=\"alignleft size-medium wp-image-37201\" src=\"http:\/\/www.zero-yen-media.fr\/home\/wp-content\/uploads\/2014\/01\/woodstock_5-215x300.jpg\" alt=\"\" width=\"200\" height=\"300\" \/><\/a>Gaku et ses compagnons de Charlie sont s\u00e9lectionn\u00e9s pour participer au concours Rock Revolution. Apr\u00e8s le passage des autres groupes, le plus dur reste \u00e0 faire lors d\u2019un concert charg\u00e9 d\u2019impr\u00e9vus. Parviendront-ils \u00e0 l\u2019emporter sur leurs imposteurs ?<\/p>\n<p><strong>Auteur :<\/strong><em> Yukai Asada<\/em><br \/>\n<strong>Prix de vente : <\/strong><em>7,60 \u20ac<\/em><br \/>\n<strong>Nombre de volumes :<\/strong><em> 16 (s\u00e9rie en cours)<\/em><\/p>\n<p>&nbsp;<\/p>\n<p>&nbsp;<\/p>\n<p>&nbsp;<\/p>\n<p><strong>Dragon Ball Z \u2013 Film 06<\/strong><\/p>\n<p><a href=\"http:\/\/www.zero-yen-media.fr\/home\/wp-content\/uploads\/2014\/01\/dbz-film_6.jpg\"><img loading=\"lazy\" decoding=\"async\" class=\"alignleft size-medium wp-image-37204\" src=\"http:\/\/www.zero-yen-media.fr\/home\/wp-content\/uploads\/2014\/01\/dbz-film_6-216x300.jpg\" alt=\"\" width=\"200\" height=\"300\" \/><\/a>Lorsqu\u2019un gigantesque engin s\u2019accroche \u00e0 la plan\u00e8te Namek pour aspirer toute sa vie et son \u00e9nergie, Goku et ses amis sont aussit\u00f4t appel\u00e9s en renfort. Seulement, une fois sur place, les guerriers Z comprennent que la lutte sera tout sauf une partie de plaisir. Car Cooler, le fr\u00e8re a\u00een\u00e9 de Freezer, que Goku croyait avait d\u00e9truit, a en r\u00e9alit\u00e9 surv\u00e9cu et fusionn\u00e9 avec une machine \u00e0 la puissance incommensurable. Une machine capable de se r\u00e9pliquer \u00e0 l\u2019infini\u2026<\/p>\n<p><strong>Auteur :<\/strong><em> Akira Toriyama<\/em><br \/>\n<strong>Prix de vente : <\/strong><em>7,60 \u20ac<\/em><br \/>\n<strong>Nombre de volumes :<\/strong><em> 15 (s\u00e9rie termin\u00e9e)<\/em><\/p>\n<p>&nbsp;<\/p>\n<p>&nbsp;<\/p>\n<p><span style=\"color: #ff0000;\"><strong>SORTIE LE 26 FEVRIER<\/strong><\/span><\/p>\n<p><strong>Dragon Ball \u2013 Perfect Edition Vol. 29<\/strong><\/p>\n<p><a href=\"http:\/\/www.zero-yen-media.fr\/home\/wp-content\/uploads\/2014\/01\/db-perfect-edition_29.jpg\"><img loading=\"lazy\" decoding=\"async\" class=\"alignleft size-medium wp-image-37205\" src=\"http:\/\/www.zero-yen-media.fr\/home\/wp-content\/uploads\/2014\/01\/db-perfect-edition_29-205x300.jpg\" alt=\"\" width=\"200\" height=\"300\" \/><\/a>Plusieurs ann\u00e9es se sont \u00e9coul\u00e9es depuis la mort de Cell et Gohan est d\u00e9sormais en \u00e2ge d\u2019aller au lyc\u00e9e de Satan City. Seulement, son sens de la justice l\u2019emp\u00eache de laisser les crimes impunis et la rumeur d\u2019un\u00a0 guerrier dor\u00e9 commence \u00e0 se r\u00e9pandre. Il va lui falloir trouver tr\u00e8s vite une solution, surtout qu\u2019une autre justici\u00e8re ne voit pas cette l\u00e9gende d\u2019un tr\u00e8s bon \u0153il\u2026<\/p>\n<p><strong>Auteur :<\/strong><em> Akira Toriyama<\/em><br \/>\n<strong>Prix de vente : <\/strong><em>10,75 \u20ac<\/em><br \/>\n<strong>Nombre de volumes :<\/strong><em> 34 (s\u00e9rie termin\u00e9e)<\/em><\/p>\n<p>&nbsp;<\/p>\n<p>&nbsp;<\/p>\n<p>&nbsp;<\/p>\n<p>Source : Gl\u00e9nat<\/p>\n<p>&nbsp;<\/p>\n<p>&nbsp;<\/p>\n<p>&nbsp;<\/p>\n<p>&nbsp;<\/p>\n<p>&nbsp;<\/p>\n<p>&nbsp;<\/p>\n<p>&nbsp;<\/p>\n<p>&nbsp;<\/p>\n<p>&nbsp;<\/p>\n<p>&nbsp;<\/p>\n<p>&nbsp;<\/p>\n<p>&nbsp;<\/p>\n<p>&nbsp;<\/p>\n<p>&nbsp;<\/p>\n<p>&nbsp;<\/p>\n<p>&nbsp;<\/p>\n<p>&nbsp;<\/p>\n<p>&nbsp;<\/p>\n","protected":false},"excerpt":{"rendered":"<p>Les \u00e9ditions Gl\u00e9nat vous pr\u00e9sentent les nouveaut\u00e9s qui para\u00eetront au mois de f\u00e9vrier.<\/p>\n","protected":false},"author":1,"featured_media":22201,"comment_status":"open","ping_status":"open","sticky":false,"template":"","format":"standard","meta":{"ngg_post_thumbnail":0,"footnotes":""},"categories":[22,8,10],"tags":[20873,21462,22102,22300,23404,23867],"class_list":{"0":"post-37147","1":"post","2":"type-post","3":"status-publish","4":"format-standard","5":"has-post-thumbnail","7":"category-manga-manga-culture","8":"category-manga-culture","9":"category-news","10":"tag-20873","11":"tag-calendrier-2","12":"tag-fevrier","13":"tag-glenat","14":"tag-manga-2","15":"tag-nouveautes"},"_links":{"self":[{"href":"https:\/\/www.zero-yen-media.fr\/home2\/wp-json\/wp\/v2\/posts\/37147","targetHints":{"allow":["GET"]}}],"collection":[{"href":"https:\/\/www.zero-yen-media.fr\/home2\/wp-json\/wp\/v2\/posts"}],"about":[{"href":"https:\/\/www.zero-yen-media.fr\/home2\/wp-json\/wp\/v2\/types\/post"}],"author":[{"embeddable":true,"href":"https:\/\/www.zero-yen-media.fr\/home2\/wp-json\/wp\/v2\/users\/1"}],"replies":[{"embeddable":true,"href":"https:\/\/www.zero-yen-media.fr\/home2\/wp-json\/wp\/v2\/comments?post=37147"}],"version-history":[{"count":0,"href":"https:\/\/www.zero-yen-media.fr\/home2\/wp-json\/wp\/v2\/posts\/37147\/revisions"}],"wp:featuredmedia":[{"embeddable":true,"href":"https:\/\/www.zero-yen-media.fr\/home2\/wp-json\/"}],"wp:attachment":[{"href":"https:\/\/www.zero-yen-media.fr\/home2\/wp-json\/wp\/v2\/media?parent=37147"}],"wp:term":[{"taxonomy":"category","embeddable":true,"href":"https:\/\/www.zero-yen-media.fr\/home2\/wp-json\/wp\/v2\/categories?post=37147"},{"taxonomy":"post_tag","embeddable":true,"href":"https:\/\/www.zero-yen-media.fr\/home2\/wp-json\/wp\/v2\/tags?post=37147"}],"curies":[{"name":"wp","href":"https:\/\/api.w.org\/{rel}","templated":true}]}}