{"id":3746,"date":"2012-01-24T22:07:08","date_gmt":"2012-01-24T21:07:08","guid":{"rendered":"http:\/\/www.zero-yen-media.fr\/home\/?p=3746"},"modified":"2012-01-24T22:07:08","modified_gmt":"2012-01-24T21:07:08","slug":"le-chevalier-deon-sur-itunes","status":"publish","type":"post","link":"https:\/\/www.zero-yen-media.fr\/home2\/2012\/01\/le-chevalier-deon-sur-itunes.html","title":{"rendered":"\u00ab\u00a0Le Chevalier D&rsquo;Eon\u00a0\u00bb sur iTunes"},"content":{"rendered":"<p>Apr\u00e8s \u00ab\u00a0K-ON !\u00a0\u00bb et \u00ab\u00a0Cobra the Animation\u00a0\u00bb au mois de D\u00e9cembre, Kaz\u00e9 vous propose de d\u00e9couvrir une nouvelle s\u00e9rie sur son catalogue iTunes Store : Le Chevalier D\u2019Eon.<!--more--><\/p>\n<p><img fetchpriority=\"high\" decoding=\"async\" class=\"alignleft size-medium wp-image-3749\" title=\"Le chevalier d'eon \u00a9 Kaze\" src=\"http:\/\/www.zero-yen-media.fr\/home\/wp-content\/uploads\/2012\/01\/Le_chevalier_d_eon_Kaze-215x300.jpg\" alt=\"\" width=\"215\" height=\"300\" \/>Personnage historique incontournable du XVIIIe si\u00e8cle, figure embl\u00e9matique du si\u00e8cle des lumi\u00e8res, espion aguerri qui, par son travestissement, a pi\u00e9g\u00e9 les puissances d&rsquo;Europe, la vie du Chevalier d\u2019Eon a inspir\u00e9 maintes adaptations.<\/p>\n<p>R\u00e9alis\u00e9e par le studio Production IG (\u00ab\u00a0Ghost in the Shell\u00a0\u00bb) la s\u00e9rie \u00ab\u00a0Le Chevalier d\u2019Eon\u00a0\u00bb est issue d\u2019un projet dantesque au Japon. Cette histoire se d\u00e9cline en roman, manga et s\u00e9rie anim\u00e9e. A l\u2019origine : un roman de Tow Ubukata (\u00ab\u00a0Mardock Scramble\u00a0\u00bb), romancier de renom d\u00e9j\u00e0 r\u00e9compens\u00e9 par de nombreux prix au Japon, notamment celui du meilleur romancier.<\/p>\n<p>Int\u00e9gralement disponible en version fran\u00e7aise et en version fran\u00e7aise sous-titr\u00e9e <a title=\"iTunes Kaze\" href=\"http:\/\/itunes.apple.com\/fr\/tv-season\/le-chevalier-deon-partie-1-vf\/id469228604\" target=\"_blank\" rel=\"noopener\">sur iTunes<\/a>.<\/p>\n<p>Source : <a title=\"Kaze Manga\" href=\"http:\/\/www.kaze-manga.fr\" target=\"_blank\" rel=\"noopener\">Kaze Manga<\/a><\/p>\n","protected":false},"excerpt":{"rendered":"<p>Apr\u00e8s \u00ab\u00a0K-ON !\u00a0\u00bb et \u00ab\u00a0Cobra the Animation\u00a0\u00bb au mois de D\u00e9cembre, Kaz\u00e9 vous propose de d\u00e9couvrir une nouvelle s\u00e9rie sur son catalogue iTunes Store : Le Chevalier D\u2019Eon.<\/p>\n","protected":false},"author":1,"featured_media":3748,"comment_status":"open","ping_status":"open","sticky":false,"template":"","format":"standard","meta":{"ngg_post_thumbnail":0,"footnotes":""},"categories":[15,2,10],"tags":[22658,22875,23163],"class_list":{"0":"post-3746","1":"post","2":"type-post","3":"status-publish","4":"format-standard","5":"has-post-thumbnail","7":"category-anime-anime-cinema","8":"category-anime-cinema","9":"category-news","10":"tag-itunes","11":"tag-kaze","12":"tag-le-chevalier-deon"},"_links":{"self":[{"href":"https:\/\/www.zero-yen-media.fr\/home2\/wp-json\/wp\/v2\/posts\/3746","targetHints":{"allow":["GET"]}}],"collection":[{"href":"https:\/\/www.zero-yen-media.fr\/home2\/wp-json\/wp\/v2\/posts"}],"about":[{"href":"https:\/\/www.zero-yen-media.fr\/home2\/wp-json\/wp\/v2\/types\/post"}],"author":[{"embeddable":true,"href":"https:\/\/www.zero-yen-media.fr\/home2\/wp-json\/wp\/v2\/users\/1"}],"replies":[{"embeddable":true,"href":"https:\/\/www.zero-yen-media.fr\/home2\/wp-json\/wp\/v2\/comments?post=3746"}],"version-history":[{"count":0,"href":"https:\/\/www.zero-yen-media.fr\/home2\/wp-json\/wp\/v2\/posts\/3746\/revisions"}],"wp:featuredmedia":[{"embeddable":true,"href":"https:\/\/www.zero-yen-media.fr\/home2\/wp-json\/wp\/v2\/media\/3748"}],"wp:attachment":[{"href":"https:\/\/www.zero-yen-media.fr\/home2\/wp-json\/wp\/v2\/media?parent=3746"}],"wp:term":[{"taxonomy":"category","embeddable":true,"href":"https:\/\/www.zero-yen-media.fr\/home2\/wp-json\/wp\/v2\/categories?post=3746"},{"taxonomy":"post_tag","embeddable":true,"href":"https:\/\/www.zero-yen-media.fr\/home2\/wp-json\/wp\/v2\/tags?post=3746"}],"curies":[{"name":"wp","href":"https:\/\/api.w.org\/{rel}","templated":true}]}}