{"id":39154,"date":"2014-03-11T08:08:35","date_gmt":"2014-03-11T07:08:35","guid":{"rendered":"http:\/\/www.zero-yen-media.fr\/home\/?p=39154"},"modified":"2014-03-11T08:08:35","modified_gmt":"2014-03-11T07:08:35","slug":"frere-et-soeur-hommage-aux-victimes-de-fukushima","status":"publish","type":"post","link":"https:\/\/www.zero-yen-media.fr\/home2\/2014\/03\/frere-et-soeur-hommage-aux-victimes-de-fukushima.html","title":{"rendered":"\u00ab\u00a0Fr\u00e8re et s\u0153ur\u00a0\u00bb : hommage aux victimes de Fukushima"},"content":{"rendered":"<p>Nous f\u00eatons aujourd&rsquo;hui un bien triste anniversaire : celui des 3 ans de la catastrophe de <em>Fukushima<\/em>, qui a caus\u00e9 la mort de trop nombreux innocents&#8230;<!--more--><\/p>\n<p>En ce 11 mars 2014, toutes les pens\u00e9es de l\u2019\u00e9quipe de <em>Zero Yen<\/em> vont aux victimes (et \u00e0 leurs familles) de l&rsquo;horrible drame qui a touch\u00e9 la r\u00e9gion de Fukushima il y a de cela exactement 3 ans.<\/p>\n<p>Afin de ne jamais oublier ce jour funeste, une lectrice de <em>Zero Yen<\/em>, <em>H\u00e9l\u00e8ne Demetriades<\/em>, nous a contact\u00e9 et a souhait\u00e9 partager avec nous sa tristesse et son soutien sous la forme d&rsquo;une nouvelle intitul\u00e9e <em>Fr\u00e8re et s\u0153ur<\/em>, extraite du recueil<em> Tsunami<\/em>. Elle a egalement r\u00e9alis\u00e9 l&rsquo;illustration ci-jointe pour l&rsquo;accompagner.<\/p>\n<p>C&rsquo;est avec grand plaisir que nous lui laissons la parole le temps d&rsquo;une news.<\/p>\n<p><a href=\"http:\/\/www.zero-yen-media.fr\/home\/wp-content\/uploads\/2014\/03\/Tsunami_la_voie_du_guerrier.jpg\"><img fetchpriority=\"high\" decoding=\"async\" class=\"alignright size-medium wp-image-39155\" title=\"Tsunami, la voie du guerrier \u00a9 H\u00e9l\u00e8ne Demetriades\" src=\"http:\/\/www.zero-yen-media.fr\/home\/wp-content\/uploads\/2014\/03\/Tsunami_la_voie_du_guerrier-222x300.jpg\" alt=\"\" width=\"222\" height=\"300\" \/><\/a>Quelques mots de l&rsquo;auteur : <em>je suis fran\u00e7aise et j&rsquo;ai travaill\u00e9 quelques ann\u00e9es dans une multinationale japonaise. J&rsquo;ai gard\u00e9 des liens \u00e9troits avec mes ex-coll\u00e8gues japonais en particulier mon ex-superviseur, originaire de Fukushima, o\u00f9 se situe \u00e9galement la maison m\u00e8re de cette soci\u00e9t\u00e9. Lorsque le tsunami du 11 mars a eu lieu, j&rsquo;ai \u00e9crit des nouvelles intitul\u00e9es \u00ab\u00a0Tsunami\u00a0\u00bb, parce que j&rsquo;ai \u00e9t\u00e9 boulevers\u00e9e par la fa\u00e7on extraordinaire dont le peuple japonais s&rsquo;est comport\u00e9 lors de cet \u00e9v\u00e8nement traumatique, et \u00e9galement par la suite.<\/em><\/p>\n<p>Nous vous invitons donc \u00e0 lire et \u00e0 partager ce r\u00e9cit \u00e9mouvant et brutalement r\u00e9aliste d&rsquo;une famille s\u00e9par\u00e9e par le <em>tsunami<\/em>.<\/p>\n<p>Comme nous, n\u2019h\u00e9sitez pas \u00e0 envoyer tout votre soutien aux habitants de cette r\u00e9gion, qui souffrent encore aujourd&rsquo;hui.<\/p>\n<p>Vous pouvez <a title=\"Fr\u00e8re et soeur (nouvelle)\" href=\"http:\/\/www.zero-yen-media.fr\/home\/wp-content\/uploads\/2014\/03\/Frere_et_soeur_Helene_Demetriades.pdf\" target=\"_blank\" rel=\"noopener\">t\u00e9l\u00e9charger la nouvelle au format .pdf<\/a> ou la lire directement sur notre site ci-dessous.<\/p>\n<p>Merci encore \u00e0 <em>H\u00e9l\u00e8ne<\/em> pour son talent et de nous laisser l\u2019opportunit\u00e9 de diffuser une partie de son \u0153uvre.<\/p>\n<p>http:\/\/www.zero-yen-media.fr\/home\/wp-content\/uploads\/2014\/03\/Frere_et_soeur_Helene_Demetriades.pdf<\/p>\n","protected":false},"excerpt":{"rendered":"<p>Nous f\u00eatons aujourd&rsquo;hui un bien triste anniversaire : celui des 3 ans de la catastrophe de Fukushima, qui a caus\u00e9 la mort de trop nombreux innocents&#8230;<\/p>\n","protected":false},"author":1,"featured_media":39156,"comment_status":"open","ping_status":"open","sticky":false,"template":"","format":"standard","meta":{"ngg_post_thumbnail":0,"footnotes":""},"categories":[2,16,4,20,8,10],"tags":[20873,21116,22203,23874],"class_list":{"0":"post-39154","1":"post","2":"type-post","3":"status-publish","4":"format-standard","5":"has-post-thumbnail","7":"category-anime-cinema","8":"category-culture-manga-culture","9":"category-divers","10":"category-litterature-manga-culture","11":"category-manga-culture","12":"category-news","13":"tag-20873","14":"tag-anniversaire","15":"tag-fukushima","16":"tag-nouvelles"},"_links":{"self":[{"href":"https:\/\/www.zero-yen-media.fr\/home2\/wp-json\/wp\/v2\/posts\/39154","targetHints":{"allow":["GET"]}}],"collection":[{"href":"https:\/\/www.zero-yen-media.fr\/home2\/wp-json\/wp\/v2\/posts"}],"about":[{"href":"https:\/\/www.zero-yen-media.fr\/home2\/wp-json\/wp\/v2\/types\/post"}],"author":[{"embeddable":true,"href":"https:\/\/www.zero-yen-media.fr\/home2\/wp-json\/wp\/v2\/users\/1"}],"replies":[{"embeddable":true,"href":"https:\/\/www.zero-yen-media.fr\/home2\/wp-json\/wp\/v2\/comments?post=39154"}],"version-history":[{"count":0,"href":"https:\/\/www.zero-yen-media.fr\/home2\/wp-json\/wp\/v2\/posts\/39154\/revisions"}],"wp:featuredmedia":[{"embeddable":true,"href":"https:\/\/www.zero-yen-media.fr\/home2\/wp-json\/"}],"wp:attachment":[{"href":"https:\/\/www.zero-yen-media.fr\/home2\/wp-json\/wp\/v2\/media?parent=39154"}],"wp:term":[{"taxonomy":"category","embeddable":true,"href":"https:\/\/www.zero-yen-media.fr\/home2\/wp-json\/wp\/v2\/categories?post=39154"},{"taxonomy":"post_tag","embeddable":true,"href":"https:\/\/www.zero-yen-media.fr\/home2\/wp-json\/wp\/v2\/tags?post=39154"}],"curies":[{"name":"wp","href":"https:\/\/api.w.org\/{rel}","templated":true}]}}