{"id":4391,"date":"2012-02-18T14:55:06","date_gmt":"2012-02-18T13:55:06","guid":{"rendered":"http:\/\/www.zero-yen-media.fr\/home\/?p=4391"},"modified":"2012-02-18T14:55:06","modified_gmt":"2012-02-18T13:55:06","slug":"japon-1-an-apres","status":"publish","type":"post","link":"https:\/\/www.zero-yen-media.fr\/home2\/2012\/02\/japon-1-an-apres.html","title":{"rendered":"\u00ab\u00a0Japon 1 an apr\u00e8s\u00a0\u00bb"},"content":{"rendered":"<p>Recueil de 8 histoires courtes sur le drame qui a touch\u00e9 le Japon il y a maintenant presque un an, \u00ab\u00a0Japon 1 an apr\u00e8s\u00a0\u00bb a \u00e9t\u00e9 cr\u00e9\u00e9 par l\u2019\u00e9diteur Kaz\u00e9 pour soutenir les japonais.<!--more--><\/p>\n<p><a href=\"http:\/\/www.zero-yen-media.fr\/home\/wp-content\/uploads\/2012\/02\/Japon_1_an_apres.jpg\"><img fetchpriority=\"high\" decoding=\"async\" class=\"alignleft size-medium wp-image-4393\" title=\"Japon 1 an apr\u00e8s \u00a9 Kaze\" src=\"http:\/\/www.zero-yen-media.fr\/home\/wp-content\/uploads\/2012\/02\/Japon_1_an_apres-208x300.jpg\" alt=\"\" width=\"208\" height=\"300\" \/><\/a>Pour ce projet, 8 jeunes dessinateurs japonais et 5 auteurs, dont certains fran\u00e7ais, ont \u00e9crit une histoire sur les \u00e9v\u00e8nements du 11 Mars 2011.<\/p>\n<p>Ce livre a \u00e9t\u00e9 con\u00e7u pour soutenir le Japon et tous les b\u00e9n\u00e9fices des ventes seront revers\u00e9s \u00e0 la Croix Rouge Japonaise.<\/p>\n<p>Il para\u00eetra le 14 Mars 2012 en librairie aux \u00e9ditions Kaz\u00e9 au prix de 14.99 euros.<\/p>\n<p>Le mot de son \u00e9diteur,\u00a0<strong>Rapha\u00ebl PENNES<\/strong> :<\/p>\n<p><em>\u00ab\u00a0Les \u00e9v\u00e9nements qui ont frapp\u00e9 l\u2019archipel nippon le 11 mars 2011 \u00e0 16h15 ont boulevers\u00e9 durablement la vie des Japonais. Cette nation moderne, toujours en avance sur son temps, qui s\u2019est d\u00e9j\u00e0 relev\u00e9e tant de fois, a en quelques heures, bascul\u00e9 dans l\u2019horreur \u00e0 la suite d\u2019un s\u00e9isme terrifiant ressenti \u00e0 des centaines de kilom\u00e8tres de son \u00e9picentre. \u00c0 cela s\u2019est ajout\u00e9 un tsunami d\u00e9vastateur, des vagues d\u2019une trentaine de m\u00e8tres qui ont litt\u00e9ralement ras\u00e9 une r\u00e9gion enti\u00e8re du Japon, emportant v\u00e9hicules, maisons, habitants, a\u00e9roports et villes enti\u00e8res&#8230;<\/em><\/p>\n<p><em>La raison pour laquelle j\u2019ai d\u00e9cid\u00e9, en tant qu\u2019\u00e9diteur de bandes dessin\u00e9es japonaises, de r\u00e9aliser cet ouvrage, et de le concevoir comme un pont entre le Japon et la France, est tr\u00e8s simple. Je suis tomb\u00e9 amoureux du Japon il y a pr\u00e8s de 20 ans, et je n\u2019ai jamais cess\u00e9 de l\u2019aimer. Ce pays est unique et d\u2019une incroyable richesse culturelle et humaine. J\u2019y ai trouv\u00e9 mon m\u00e9tier, mes amis, ma femme, ma seconde famille. Je suis fran\u00e7ais de nationalit\u00e9, mais j\u2019aime \u00e0 croire que je suis un peu japonais dans l\u2019\u00e2me. En tout cas, mon \u00e2me a \u00e9t\u00e9 meurtrie \u00e0 cette occasion.<\/em><\/p>\n<p><em>Kaz\u00e9 est une soci\u00e9t\u00e9 fran\u00e7aise appartenant \u00e0 un groupe \u00e9ditorial japonais, et mes coll\u00e8gues sont fran\u00e7ais et japonais. C\u2019est tous ensemble que nous avons r\u00eav\u00e9 ce projet.<\/em><br \/>\n<em> Cette anthologie graphique a pour but de rappeler qu\u2019il y a tout juste un an, des milliers de gens ont \u00e9t\u00e9 emport\u00e9s en quelques instants. De penser \u00e0 tout ceux qui sont aujourd\u2019hui dans la mis\u00e8re totale, et qui ont tout perdu. Un livre qui donnerait la parole \u00e0 des auteurs japonais \u00e9paul\u00e9s par des Fran\u00e7ais. Un livre qui avec votre aide et votre soutien, nous permet aujourd\u2019hui d\u2019aider ensemble les victimes qui tentent de survivre et de se reconstruire.<\/em><\/p>\n<p><em>Ce livre que vous tenez entre vos mains, c\u2019est l\u2019hommage sinc\u00e8re d\u2019une maison d\u2019\u00e9dition \u00e0 nos amis Japonais, vers qui vont aujourd\u2019hui nos pens\u00e9es. Gambatte Nihon !\u00a0\u00bb<\/em><\/p>\n","protected":false},"excerpt":{"rendered":"<p>Recueil de 8 histoires courtes sur le drame qui a touch\u00e9 le Japon il y a maintenant presque un an, \u00ab\u00a0Japon 1 an apr\u00e8s\u00a0\u00bb a \u00e9t\u00e9 cr\u00e9\u00e9 par l\u2019\u00e9diteur Kaz\u00e9 pour soutenir les japonais.<\/p>\n","protected":false},"author":1,"featured_media":4394,"comment_status":"open","ping_status":"open","sticky":false,"template":"","format":"standard","meta":{"ngg_post_thumbnail":0,"footnotes":""},"categories":[20,8,10],"tags":[22716,22875],"class_list":{"0":"post-4391","1":"post","2":"type-post","3":"status-publish","4":"format-standard","5":"has-post-thumbnail","7":"category-litterature-manga-culture","8":"category-manga-culture","9":"category-news","10":"tag-japon-1-an-apres","11":"tag-kaze"},"_links":{"self":[{"href":"https:\/\/www.zero-yen-media.fr\/home2\/wp-json\/wp\/v2\/posts\/4391","targetHints":{"allow":["GET"]}}],"collection":[{"href":"https:\/\/www.zero-yen-media.fr\/home2\/wp-json\/wp\/v2\/posts"}],"about":[{"href":"https:\/\/www.zero-yen-media.fr\/home2\/wp-json\/wp\/v2\/types\/post"}],"author":[{"embeddable":true,"href":"https:\/\/www.zero-yen-media.fr\/home2\/wp-json\/wp\/v2\/users\/1"}],"replies":[{"embeddable":true,"href":"https:\/\/www.zero-yen-media.fr\/home2\/wp-json\/wp\/v2\/comments?post=4391"}],"version-history":[{"count":0,"href":"https:\/\/www.zero-yen-media.fr\/home2\/wp-json\/wp\/v2\/posts\/4391\/revisions"}],"wp:featuredmedia":[{"embeddable":true,"href":"https:\/\/www.zero-yen-media.fr\/home2\/wp-json\/"}],"wp:attachment":[{"href":"https:\/\/www.zero-yen-media.fr\/home2\/wp-json\/wp\/v2\/media?parent=4391"}],"wp:term":[{"taxonomy":"category","embeddable":true,"href":"https:\/\/www.zero-yen-media.fr\/home2\/wp-json\/wp\/v2\/categories?post=4391"},{"taxonomy":"post_tag","embeddable":true,"href":"https:\/\/www.zero-yen-media.fr\/home2\/wp-json\/wp\/v2\/tags?post=4391"}],"curies":[{"name":"wp","href":"https:\/\/api.w.org\/{rel}","templated":true}]}}