{"id":49087,"date":"2014-08-04T16:10:30","date_gmt":"2014-08-04T14:10:30","guid":{"rendered":"http:\/\/www.zero-yen-media.fr\/home\/?p=49087"},"modified":"2014-08-04T16:10:30","modified_gmt":"2014-08-04T14:10:30","slug":"le-neko-light-orchestra-en-tournee-europeenne-en-novembre","status":"publish","type":"post","link":"https:\/\/www.zero-yen-media.fr\/home2\/2014\/08\/le-neko-light-orchestra-en-tournee-europeenne-en-novembre.html","title":{"rendered":"Le Neko Light Orchestra en tourn\u00e9e europ\u00e9enne en novembre"},"content":{"rendered":"<p>Au mois de novembre le <strong>Neko Light Orchestra, <\/strong>le groupe de rock m\u00e9lodique sp\u00e9cialis\u00e9 dans les <strong>r\u00e9interpr\u00e9tations <\/strong>de musiques de films et <strong>cultures de l&rsquo;imaginaire<\/strong> (jeux vid\u00e9o, animation japonaise, science-fiction&#8230;), sera en concert dans les plus grandes villes fran\u00e7aises, en Suisse et en Belgique. <!--more--><\/p>\n<p><a href=\"http:\/\/www.zero-yen-media.fr\/home\/wp-content\/uploads\/2014\/08\/neko.jpg\"><img fetchpriority=\"high\" decoding=\"async\" class=\"aligncenter wp-image-49115 size-full\" src=\"http:\/\/www.zero-yen-media.fr\/home\/wp-content\/uploads\/2014\/08\/neko.jpg\" alt=\"neko\" width=\"450\" height=\"290\" \/><\/a><\/p>\n<p>14 villes verront d\u00e9barquer la tourn\u00e9e <strong>\u00ab\u00a0Les Echos de la Vall\u00e9e du Vent\u00a0\u00bb<\/strong>, hommage aux films d&rsquo;<strong>Hayao Miyazaki<\/strong>. Les plus grands classiques du fameux <strong>Joe Hisaishi<\/strong> seront repris \u00e0 la sauce<strong> Neko Light Orchestra<\/strong>. Les concerts de 90 minutes se pr\u00e9sentent sous la forme de 9 medleys instrumentaux et chant\u00e9s, correspondant aux 9 films \u00e9crits et r\u00e9alis\u00e9s par le ma\u00eetre de l&rsquo;animation japonaise entre 1984 et 2007.<\/p>\n<p>Vous pouvez acheter vos places d\u00e8s \u00e0 pr\u00e9sent sur : <a href=\"http:\/\/www.nekolightorchestra.com\/echo-vallee-vent\" target=\"_blank\" rel=\"noopener\">http:\/\/www.nekolightorchestra.com\/echo-vallee-vent<\/a><\/p>\n<ul class=\"ls\">\n<li>Lundi 10 novembre, 20h30 : <strong>Montpellier<\/strong> (Gaumont Multiplexe)<\/li>\n<li>Mercredi 12 novembre, 19h30 : <strong>Toulon<\/strong> (Path\u00e9 Grand Ciel)<\/li>\n<li>Jeudi 13 novembre, 20h30 : <strong>Aix-en Provence<\/strong> (Path\u00e9 C\u00e9zanne)<\/li>\n<li>Vendredi 14 novembre, 20h30 : <strong>Lyon<\/strong> (Path\u00e9 Vaise)<\/li>\n<li>Dimanche 16 novembre, 18h00 : <strong>Lausanne, Suisse<\/strong> (Path\u00e9 Flon)<\/li>\n<li>Lundi 17 novembre, 20h30 : <strong>Strasbourg<\/strong> (Path\u00e9 Brumath)<\/li>\n<li>Mardi 18 novembre, 20h30 : <strong>Nancy<\/strong> (Kinepolis)<\/li>\n<li>Mercredi 19 novembre, 20h00 : <strong>Bruxelles, Belgique<\/strong> (Kinepolis)<\/li>\n<li>Jeudi 20 novembre, 20h30 : <strong>Lille<\/strong> (Kinepolis Lomme)<\/li>\n<li>Vendredi 21 novembre, 19h30 : <strong>Nantes<\/strong> (Gaumont\u00a0 commerce)<\/li>\n<li>Lundi 24 novembre, 19h00 : <strong>Paris<\/strong> (Gaumont Op\u00e9ra Capucines)<\/li>\n<li>Mardi 25 novembre, 20h30 : <strong>Orl\u00e9ans<\/strong> (Path\u00e9 la Charpenterie)<\/li>\n<li>Jeudi 27 novembre, 20h30 : <strong>Bordeaux<\/strong> (Gaumon Talence)<\/li>\n<li>Vendredi 28 novembre, 19h00 : <strong>Toulouse<\/strong> (Gaumont Lab\u00e8ge)<\/li>\n<\/ul>\n<p>Source : <a href=\"http:\/\/www.nekolightorchestra.com\/echo-vallee-vent\" target=\"_blank\" rel=\"noopener\">Site Officiel<\/a><\/p>\n<p>&nbsp;<\/p>\n","protected":false},"excerpt":{"rendered":"<p>Au mois de novembre le Neko Light Orchestra, le groupe de rock m\u00e9lodique sp\u00e9cialis\u00e9 dans les r\u00e9interpr\u00e9tations de musiques de films et cultures de l&rsquo;imaginaire (jeux vid\u00e9o, animation japonaise, science-fiction&#8230;), sera en concert dans les plus grandes villes fran\u00e7aises, en Suisse et en Belgique.<\/p>\n","protected":false},"author":1,"featured_media":49116,"comment_status":"open","ping_status":"open","sticky":false,"template":"","format":"standard","meta":{"ngg_post_thumbnail":0,"footnotes":""},"categories":[9,10],"tags":[21943,22429,22751,23752],"class_list":{"0":"post-49087","1":"post","2":"type-post","3":"status-publish","4":"format-standard","5":"has-post-thumbnail","7":"category-musique","8":"category-news","9":"tag-echos-de-la-valee-du-vent","10":"tag-hayao-miyazaki","11":"tag-joe-hisaishi","12":"tag-neko-light-orchestra"},"_links":{"self":[{"href":"https:\/\/www.zero-yen-media.fr\/home2\/wp-json\/wp\/v2\/posts\/49087","targetHints":{"allow":["GET"]}}],"collection":[{"href":"https:\/\/www.zero-yen-media.fr\/home2\/wp-json\/wp\/v2\/posts"}],"about":[{"href":"https:\/\/www.zero-yen-media.fr\/home2\/wp-json\/wp\/v2\/types\/post"}],"author":[{"embeddable":true,"href":"https:\/\/www.zero-yen-media.fr\/home2\/wp-json\/wp\/v2\/users\/1"}],"replies":[{"embeddable":true,"href":"https:\/\/www.zero-yen-media.fr\/home2\/wp-json\/wp\/v2\/comments?post=49087"}],"version-history":[{"count":0,"href":"https:\/\/www.zero-yen-media.fr\/home2\/wp-json\/wp\/v2\/posts\/49087\/revisions"}],"wp:featuredmedia":[{"embeddable":true,"href":"https:\/\/www.zero-yen-media.fr\/home2\/wp-json\/"}],"wp:attachment":[{"href":"https:\/\/www.zero-yen-media.fr\/home2\/wp-json\/wp\/v2\/media?parent=49087"}],"wp:term":[{"taxonomy":"category","embeddable":true,"href":"https:\/\/www.zero-yen-media.fr\/home2\/wp-json\/wp\/v2\/categories?post=49087"},{"taxonomy":"post_tag","embeddable":true,"href":"https:\/\/www.zero-yen-media.fr\/home2\/wp-json\/wp\/v2\/tags?post=49087"}],"curies":[{"name":"wp","href":"https:\/\/api.w.org\/{rel}","templated":true}]}}