{"id":49089,"date":"2014-08-04T16:11:02","date_gmt":"2014-08-04T14:11:02","guid":{"rendered":"http:\/\/www.zero-yen-media.fr\/home\/?p=49089"},"modified":"2022-08-26T10:36:33","modified_gmt":"2022-08-26T08:36:33","slug":"interview-malca","status":"publish","type":"post","link":"https:\/\/www.zero-yen-media.fr\/home2\/2014\/08\/interview-malca.html","title":{"rendered":"Interview : MALCA"},"content":{"rendered":"<p>Lors de leur venue au festival <strong>Japan Expo<\/strong> o\u00f9 ils ont enflamm\u00e9 la sc\u00e8ne du Live House, le groupe <strong>MALCA<\/strong> nous a fait l\u2019honneur de nous accorder une interview dans leur h\u00f4tel.<!--more--><\/p>\n<p><a href=\"http:\/\/www.zero-yen-media.fr\/home\/wp-content\/uploads\/2014\/08\/Malca_03.jpg\"><img fetchpriority=\"high\" decoding=\"async\" class=\"aligncenter wp-image-49120\" src=\"http:\/\/www.zero-yen-media.fr\/home\/wp-content\/uploads\/2014\/08\/Malca_03.jpg\" alt=\"SAMSUNG CSC\" width=\"580\" height=\"386\"><\/a><\/p>\n<p><strong>Pouvez-vous s\u2019il vous plait vous pr\u00e9senter pour nos lecteurs ?<\/strong><\/p>\n<p><strong>Yuta :<\/strong> Bonjour, je suis Yuta, le chanteur et guitariste.<\/p>\n<p><strong>Shunsuke :<\/strong> Je m\u2019appelle Shunsuke, je suis guitariste.<\/p>\n<p><strong>Nozomi :<\/strong> Je suis Nozomi, le bassiste.<\/p>\n<p><strong>Votre concept est la valse Hardcore, comment vous est venue cette id\u00e9e et pourquoi ?<\/strong><\/p>\n<p><strong>Malca :<\/strong> Nous avons choisi ce style car nous voulions faire des musiques \u00e0 trois temps pour nous diff\u00e9rencier des autres groupes. Comme la valse est un ph\u00e9nom\u00e8ne de soci\u00e9t\u00e9, nous voulions faire danser les gens sur un rythme hardcore.<\/p>\n<p><strong>Dans votre travail, comment se passe la composition et l\u2019\u00e9laboration de vos morceaux ?<\/strong><\/p>\n<p><strong>Yuta :<\/strong> Je cr\u00e9e les paroles des chansons sur des id\u00e9es d\u2019\u00e9motions. C\u2019est cela qui m\u2019influence le plus dans ma composition. Par la suite, le groupe cr\u00e9e des musiques selon le r\u00f4le d\u00e9fini de chacun. Enfin nous faisons une fusion de tout cela.<\/p>\n<p><strong>Avez-vous des th\u00e8mes de pr\u00e9dilection ?<\/strong><\/p>\n<p><strong>Malca :<\/strong> Notre th\u00e8me principal serait la nostalgie sentimentale, nous souhaitons vraiment toucher nos fans. Pas une simple \u00e9motion mais une \u00e9motion tr\u00e8s profonde.<\/p>\n<p><strong>Vous connaissiez-vous avant de former Malca et comment en avez-vous eu l\u2019id\u00e9e ?<\/strong><\/p>\n<p><strong>Shunsuke :<\/strong> Nous nous sommes rencontr\u00e9s \u00e0 l\u2019universit\u00e9. Nous \u00e9tions dans un groupe o\u00f9 nous avons compos\u00e9 des musiques originales. Nozomi, quant \u00e0 lui, n\u2019\u00e9tait pas du tout int\u00e9ress\u00e9 par la musique. C\u2019est moi qui lui a pr\u00eat\u00e9 des CD, et de l\u00e0 une passion est n\u00e9e. Yuta a lui commenc\u00e9 par la guitare \u00e0 l\u2019\u00e2ge de 16 ans. Pour ma part, j\u2019ai commenc\u00e9 le piano \u00e0 l\u2019\u00e2ge de 5 ans, la basse \u00e0 14 ans et la guitare 4 ans plus tard. C\u2019est quand on nous a propos\u00e9 de faire notre album que nous avons d\u00e9cid\u00e9 de cr\u00e9er notre groupe.<\/p>\n<p><strong>Que pensez-vous de l\u2019engouement que peut avoir le public fran\u00e7ais pour votre musique et votre pays ?<\/strong><\/p>\n<p><strong>Malca :<\/strong> Nous sommes tr\u00e8s contents du live que nous avons effectu\u00e9 lors de la Japan Expo. C\u2019est vrai qu\u2019en premier lieu nous n\u2019\u00e9tions pas trop confiants car nous ignorions l\u2019accueil que nous allions recevoir de la part des Fran\u00e7ais. Beaucoup de personnes sont venues nous voir pour prendre des photos et nous \u00e9tions extr\u00eamement heureux. La diff\u00e9rence entre le public japonais et fran\u00e7ais r\u00e9side dans le fait que les Japonais sont tr\u00e8s r\u00e9serv\u00e9s alors que les Fran\u00e7ais n\u2019h\u00e9sitent pas \u00e0 exprimer leur joie.<\/p>\n<p><strong>Au vu de l\u2019accueil que vous avez re\u00e7u en France pour une premi\u00e8re en Europe. Aimeriez-vous revenir dans le cadre d\u2019une tourn\u00e9e ? Si oui, dans quels pays aimeriez-vous vous produire ?<\/strong><\/p>\n<p><strong>Malca :<\/strong> Oui bien s\u00fbr nous souhaiterions revenir ! Nous aimerions beaucoup jouer en Su\u00e8de car nous aimons beaucoup le groupe First Aid Kit qui fait une musique tr\u00e8s similaire \u00e0 la n\u00f4tre, et essaye de toucher son public comme nous. Mais pourquoi pas l\u2019Islande aussi car nous avons une tr\u00e8s bonne image de ce pays.<\/p>\n<p><strong>\u00c7a serait donc une premi\u00e8re pour l\u2019Islande.<\/strong><\/p>\n<p><strong>Malca :<\/strong> Oui nous aimons beaucoup les pays nordiques, car il y a beaucoup d\u2019influence de ces pays-l\u00e0 dans notre musique. Nous sommes donc tr\u00e8s curieux de l\u2019accueil que nous pourrions recevoir et voir si les personnes peuvent \u00eatre r\u00e9ceptives \u00e0 notre musique. Apr\u00e8s, pourquoi ne pas aller en Allemagne et en Belgique pour boire de la bi\u00e8re !<\/p>\n<p><strong>Avez-vous des artistes qui vous influencent et avec qui vous souhaiteriez collaborer ?<\/strong><\/p>\n<p><strong>Malca :<\/strong> Nous n\u2019en avons pas vraiment, ce sont surtout des influences de genre comme par exemple le foxtrot, les chansons douces et belles. Pour ce qui est des collaborations, ce serait tr\u00e8s int\u00e9ressant pour nous de faire quelque chose avec Kyt, c\u2019est un groupe de style shoegeza, les Anglais de The fall et aussi les Islandais de Cigaros.<\/p>\n<p><strong>Quels sont vos projets dans un avenir proche ?<\/strong><\/p>\n<p><strong>Malca :<\/strong> Nous pr\u00e9voyons de tourner deux clips, dont l\u2019un pour illustrer la chanson <em>Aoi to asobo<\/em> et le clip d\u2019une autre chanson avec les vid\u00e9os des moments que nous avons pass\u00e9s \u00e0 Paris avec nos fans, ainsi que lors de notre visite de la capitale fran\u00e7aise. Nous souhaitons aussi sortir un album par la suite.<\/p>\n<p><strong>Pour un premier concert en France, vous vous \u00eates produit dans le plus grand salon d\u2019Europe. Est-ce que cela vous int\u00e9resserez de vous produire dans des plus petits salons ?<\/strong><\/p>\n<p>Malca : Oui bien s\u00fbr !<\/p>\n<p><strong>Si vous n\u2019aviez pas \u00e9t\u00e9 musicien, quel m\u00e9tier auriez-vous fait ?<\/strong><\/p>\n<p><strong>Yuta :<\/strong> Je pense que j\u2019aurais voulu \u00eatre designer (n.b. Yuta qui fait les pochettes des albums du groupe).<\/p>\n<p><strong>Shunsuke :<\/strong> J\u2019aurais ouvert un caf\u00e9 avec un ami, c\u2019\u00e9tait pr\u00e9vu avant que je ne commence ma carri\u00e8re de musicien.<\/p>\n<p><strong>Nozomi :<\/strong> Je serais mort car je ne peux pas vivre sans la musique !<\/p>\n<p><strong>Dans quel pays aimeriez-vous vivre ?<\/strong><\/p>\n<p><strong>Yuta :<\/strong> Le Danemark car les taux d\u2019assurance sont tr\u00e8s peu chers !<\/p>\n<p><strong>Shunsuke :<\/strong> La France ! Les Fran\u00e7aises sont tr\u00e8s jolies.<\/p>\n<p><strong>Nozomi :<\/strong> La Suisse !<\/p>\n<p><strong>Avez-vous un message \u00e0 faire passer aux lecteurs de Zero Yen Media ?<\/strong><\/p>\n<p><strong>Malca :<\/strong> Nous essayons de garder la richesse de la langue japonaise \u00e0 travers nos paroles et l\u2019emploi de mots qui ne s\u2019utilisent plus vraiment. Tout comme la France qui pr\u00e9serve son patrimoine, nous voulons faire de m\u00eame. Nous sommes li\u00e9s avec nos fans Fran\u00e7ais et nous formons tous une grande famille.<\/p>\n<p><strong>Zero Yen Media tient \u00e0 remercier MALCA pour avoir rendu cette interview possible.<\/strong><\/p>\n<p>&nbsp;<\/p>\n<p style=\"text-align: right;\">Interview r\u00e9alis\u00e9e par Orianne Marques Verissimo<\/p>\n","protected":false},"excerpt":{"rendered":"<p>Lors de leur venue au festival Japan Expo o\u00f9 ils ont enflamm\u00e9 la sc\u00e8ne du Live House, le groupe MALCA nous a fait l\u2019honneur de nous accorder une interview dans leur h\u00f4tel.<\/p>\n","protected":false},"author":29,"featured_media":90808,"comment_status":"open","ping_status":"open","sticky":false,"template":"","format":"standard","meta":{"ngg_post_thumbnail":0,"footnotes":""},"categories":[18,14],"tags":[22624,22693,23389],"class_list":{"0":"post-49089","1":"post","2":"type-post","3":"status-publish","4":"format-standard","5":"has-post-thumbnail","7":"category-interviews","8":"category-zero-yen","9":"tag-interview","10":"tag-japan-expo","11":"tag-malca"},"_links":{"self":[{"href":"https:\/\/www.zero-yen-media.fr\/home2\/wp-json\/wp\/v2\/posts\/49089","targetHints":{"allow":["GET"]}}],"collection":[{"href":"https:\/\/www.zero-yen-media.fr\/home2\/wp-json\/wp\/v2\/posts"}],"about":[{"href":"https:\/\/www.zero-yen-media.fr\/home2\/wp-json\/wp\/v2\/types\/post"}],"author":[{"embeddable":true,"href":"https:\/\/www.zero-yen-media.fr\/home2\/wp-json\/wp\/v2\/users\/29"}],"replies":[{"embeddable":true,"href":"https:\/\/www.zero-yen-media.fr\/home2\/wp-json\/wp\/v2\/comments?post=49089"}],"version-history":[{"count":1,"href":"https:\/\/www.zero-yen-media.fr\/home2\/wp-json\/wp\/v2\/posts\/49089\/revisions"}],"predecessor-version":[{"id":90809,"href":"https:\/\/www.zero-yen-media.fr\/home2\/wp-json\/wp\/v2\/posts\/49089\/revisions\/90809"}],"wp:featuredmedia":[{"embeddable":true,"href":"https:\/\/www.zero-yen-media.fr\/home2\/wp-json\/wp\/v2\/media\/90808"}],"wp:attachment":[{"href":"https:\/\/www.zero-yen-media.fr\/home2\/wp-json\/wp\/v2\/media?parent=49089"}],"wp:term":[{"taxonomy":"category","embeddable":true,"href":"https:\/\/www.zero-yen-media.fr\/home2\/wp-json\/wp\/v2\/categories?post=49089"},{"taxonomy":"post_tag","embeddable":true,"href":"https:\/\/www.zero-yen-media.fr\/home2\/wp-json\/wp\/v2\/tags?post=49089"}],"curies":[{"name":"wp","href":"https:\/\/api.w.org\/{rel}","templated":true}]}}