{"id":49962,"date":"2014-08-27T19:41:19","date_gmt":"2014-08-27T17:41:19","guid":{"rendered":"http:\/\/www.zero-yen-media.fr\/home\/?p=49962"},"modified":"2014-08-27T19:41:19","modified_gmt":"2014-08-27T17:41:19","slug":"miwa-en-concert-sur-le-champ-de-mars-a-paris-ce-week-end","status":"publish","type":"post","link":"https:\/\/www.zero-yen-media.fr\/home2\/2014\/08\/miwa-en-concert-sur-le-champ-de-mars-a-paris-ce-week-end.html","title":{"rendered":"Miwa en concert sur le Champ-de-Mars \u00e0 Paris ce week-end !"},"content":{"rendered":"<p>\u00c0 l\u2019occasion de l\u2019\u00e9v\u00e9nement <em>Tohoku \u2013 Wa, la renaissance<\/em>, port\u00e9 par 100 jeunes japonais issus de la r\u00e9gion de <em>Fukushima<\/em>, <em>Miwa<\/em> se produira pour un concert exceptionnel sur le <em>Champ-de-Mars<\/em> \u00e0 <em>Paris<\/em>.<!--more--><\/p>\n<p><img fetchpriority=\"high\" decoding=\"async\" class=\"aligncenter wp-image-49964\" title=\"\u00a9 Sony Music Records\" src=\"http:\/\/www.zero-yen-media.fr\/home\/wp-content\/uploads\/2014\/08\/miwa_paris-1024x682.jpg\" alt=\"miwa_paris\" width=\"580\" height=\"387\" \/><\/p>\n<p>Originaire de la pr\u00e9fecture de <em>Kanagawa<\/em>, la jeune chanteuse de pop\/rock japonais \u00e2g\u00e9e de 24 ans <em>Miwa<\/em> s&rsquo;est tr\u00e8s vite impos\u00e9e dans le circuit du disque nippon, figurant rapidement dans le top <em>Oricon<\/em> (que je vous pr\u00e9sente chaque semaine sur <em>Zero Yen<\/em> !).<\/p>\n<p><em>Miwa<\/em>, c&rsquo;est une voix divine, des paroles remplies d&rsquo;\u00e9motions, une musique vive et rythm\u00e9e et une artiste que l&rsquo;on appr\u00e9cie beaucoup \u00e0 la r\u00e9daction !<\/p>\n<p>Aux c\u00f4t\u00e9s de ces pionniers de la renaissance du <em>Japon<\/em>, <em>Miwa<\/em> interpr\u00e9tera ses plus belles m\u00e9lodies pour t\u00e9moigner son soutien \u00e0 la jeunesse du <em>Tohoku<\/em>.<\/p>\n<p>Rendez-vous sur le <em>Champ-de-Mars<\/em> samedi 30 ao\u00fbt \u00e0 midi !<\/p>\n<p><strong><em>Miwa<\/em> en concert sur le <em>Champ-de-Mars<\/em><\/strong><\/p>\n<p><em>&#8211; Samedi 30 ao\u00fbt 2014 de midi \u00e0 13h<\/em><br \/>\n<em>&#8211; Lieu : Champ-de-Mars, 2 All\u00e9e Adrienne Lecouvreur, Paris<\/em><br \/>\n<em>&#8211; Entr\u00e9e gratuite<\/em><\/p>\n<p>Bien que l&rsquo;information soit un peu de derni\u00e8re minute, voil\u00e0 une excellente raison de se rendre \u00e0 la capitale ce week-end !<\/p>\n<p>Source : Communiqu\u00e9 de Presse<\/p>\n","protected":false},"excerpt":{"rendered":"<p>\u00c0 l\u2019occasion de l\u2019\u00e9v\u00e9nement Tohoku \u2013 Wa, la renaissance, port\u00e9 par 100 jeunes japonais issus de la r\u00e9gion de Fukushima, Miwa se produira pour un concert exceptionnel sur le Champ-de-Mars \u00e0 Paris.<\/p>\n","protected":false},"author":1,"featured_media":49965,"comment_status":"open","ping_status":"open","sticky":false,"template":"","format":"standard","meta":{"ngg_post_thumbnail":0,"footnotes":""},"categories":[16,8,9,10],"tags":[21525,21647,23576,24022,25134],"class_list":{"0":"post-49962","1":"post","2":"type-post","3":"status-publish","4":"format-standard","5":"has-post-thumbnail","7":"category-culture-manga-culture","8":"category-manga-culture","9":"category-musique","10":"category-news","11":"tag-champ-de-mars","12":"tag-concert","13":"tag-miwa","14":"tag-paris","15":"tag-tohoku-wa"},"_links":{"self":[{"href":"https:\/\/www.zero-yen-media.fr\/home2\/wp-json\/wp\/v2\/posts\/49962","targetHints":{"allow":["GET"]}}],"collection":[{"href":"https:\/\/www.zero-yen-media.fr\/home2\/wp-json\/wp\/v2\/posts"}],"about":[{"href":"https:\/\/www.zero-yen-media.fr\/home2\/wp-json\/wp\/v2\/types\/post"}],"author":[{"embeddable":true,"href":"https:\/\/www.zero-yen-media.fr\/home2\/wp-json\/wp\/v2\/users\/1"}],"replies":[{"embeddable":true,"href":"https:\/\/www.zero-yen-media.fr\/home2\/wp-json\/wp\/v2\/comments?post=49962"}],"version-history":[{"count":0,"href":"https:\/\/www.zero-yen-media.fr\/home2\/wp-json\/wp\/v2\/posts\/49962\/revisions"}],"wp:featuredmedia":[{"embeddable":true,"href":"https:\/\/www.zero-yen-media.fr\/home2\/wp-json\/"}],"wp:attachment":[{"href":"https:\/\/www.zero-yen-media.fr\/home2\/wp-json\/wp\/v2\/media?parent=49962"}],"wp:term":[{"taxonomy":"category","embeddable":true,"href":"https:\/\/www.zero-yen-media.fr\/home2\/wp-json\/wp\/v2\/categories?post=49962"},{"taxonomy":"post_tag","embeddable":true,"href":"https:\/\/www.zero-yen-media.fr\/home2\/wp-json\/wp\/v2\/tags?post=49962"}],"curies":[{"name":"wp","href":"https:\/\/api.w.org\/{rel}","templated":true}]}}