{"id":55719,"date":"2015-08-31T16:35:40","date_gmt":"2015-08-31T14:35:40","guid":{"rendered":"http:\/\/www.zero-yen-media.fr\/home\/?p=55719"},"modified":"2015-08-31T16:35:40","modified_gmt":"2015-08-31T14:35:40","slug":"la-confrerie-des-lions-blancs-bientot-disponible-chez-komikku","status":"publish","type":"post","link":"https:\/\/www.zero-yen-media.fr\/home2\/2015\/08\/la-confrerie-des-lions-blancs-bientot-disponible-chez-komikku.html","title":{"rendered":"&quot;La Confr\u00e9rie des Lions Blancs&quot; bient\u00f4t disponible chez Komikku"},"content":{"rendered":"<p><em>La Confr\u00e9rie des Lions Blancs<\/em> : l\u2019heure de la rentr\u00e9e a sonn\u00e9 pour les futurs chevaliers !<!--more--><br \/>\n<img fetchpriority=\"high\" decoding=\"async\" class=\"aligncenter wp-image-55720\" title=\"\u00a9 Komikku\" src=\"http:\/\/www.zero-yen-media.fr\/home\/wp-content\/uploads\/2015\/08\/La_Confrerie_des_Lions_Blancs_Komikku-1024x720.jpg\" alt=\"La_Confrerie_des_Lions_Blancs_Komikku\" width=\"580\" height=\"408\" \/><br \/>\n<em>Thomas<\/em> est un nouvel \u00e9l\u00e8ve de l\u2019\u00e9cole de chevalerie <em>Wolston<\/em>. Juste, droit, sinc\u00e8re et pers\u00e9v\u00e9rant, le jeune homme se donne \u00e0 fond pour pouvoir vivre son r\u00eave : devenir chevalier blanc ! A-t-il l\u2019\u00e9toffe pour y parvenir ? D\u2019apr\u00e8s ses r\u00e9sultats aux premi\u00e8res \u00e9preuves, il risque d\u2019avoir beaucoup de travail avant d\u2019y arriver\u2026 Heureusement pour lui courage, d\u00e9termination et audace font partie de ses nombreuses qualit\u00e9s !<br \/>\nMais dans <em>La Confr\u00e9rie des Lions Blancs,<\/em> nous n\u2019allons pas seulement suivre le destin de <em>Thomas<\/em>. D\u2019ailleurs, \u00e0 son arriv\u00e9e il rencontre directement <em>Bernard<\/em>, l\u2019un des plus atypiques et fain\u00e9ants personnages de l\u2019\u00e9cole. Il fera \u00e9galement rapidement connaissance avec <em>Hermann<\/em> et <em>Buzz<\/em>. Si leurs envies, leurs motivations et leurs parcours sont diff\u00e9rents, \u00e7a ne les emp\u00eachera pas de devenir amis. Mais r\u00e9ussiront-ils \u00e0 atteindre leurs r\u00eaves&#8230; ?<br \/>\n<img decoding=\"async\" class=\"aligncenter wp-image-55727\" title=\"\u00a9 Komikku\" src=\"http:\/\/www.zero-yen-media.fr\/home\/wp-content\/uploads\/2015\/08\/La_Confrerie_des_Lions_Blancs_Komikku_tome_01-739x1024.jpg\" alt=\"La_Confrerie_des_Lions_Blancs_Komikku_tome_01\" width=\"400\" height=\"554\" \/><br \/>\nGr\u00e2ce \u00e0 son groupe d&rsquo;\u00e9l\u00e8ves attachants, <em>Natsuko Takahashi<\/em> nous prouve qu\u2019on n\u2019est pas oblig\u00e9 de tomber dans les clich\u00e9s du genre pour cr\u00e9er une histoire qui nous happe d\u00e8s les premi\u00e8res pages. Avec son joli coup de crayon r\u00e9aliste, le mangaka signe un diptyque habilement construit. Sans longueur et avec une v\u00e9ritable r\u00e9flexion, l\u2019auteur suit et fait \u00e9voluer ses personnages rapidement. En peu de temps, on s\u2019attache \u00e0 ces jeunes chevaliers en herbe et on vibre avec eux. Il y a en effet une ambiance tr\u00e8s agr\u00e9able dans ce r\u00e9cit qui a l\u2019amiti\u00e9 pour terreau. Entre \u00e9tudes et entra\u00eenements, on se croirait parfois dans les couloirs de <em>Poudlard<\/em>.<br \/>\nAfin de vous faire profiter de cette histoire dans les meilleures conditions, l\u2019int\u00e9gralit\u00e9 de ce diptyque sera disponible durant le mois de septembre. Ainsi, le premier tome sortira au d\u00e9but du mois (le 1o septembre), puis, deux semaines plus tard, vous pourrez d\u00e9j\u00e0 vous procurer la suite et fin des aventures de nos jeunes chevaliers en herbe (le 24 septembre). Parfait pour f\u00eater dignement la rentr\u00e9e 2015 !<br \/>\nSource : Komikku<\/p>\n","protected":false},"excerpt":{"rendered":"<p>La Confr\u00e9rie des Lions Blancs : l\u2019heure de la rentr\u00e9e a sonn\u00e9 pour les futurs chevaliers !<\/p>\n","protected":false},"author":1,"featured_media":55721,"comment_status":"open","ping_status":"open","sticky":false,"template":"","format":"standard","meta":{"ngg_post_thumbnail":0,"footnotes":""},"categories":[22,8,10],"tags":[23016,23103,23404],"class_list":{"0":"post-55719","1":"post","2":"type-post","3":"status-publish","4":"format-standard","5":"has-post-thumbnail","7":"category-manga-manga-culture","8":"category-manga-culture","9":"category-news","10":"tag-komikku","11":"tag-la-confrerie-des-lions-blancs","12":"tag-manga-2"},"_links":{"self":[{"href":"https:\/\/www.zero-yen-media.fr\/home2\/wp-json\/wp\/v2\/posts\/55719","targetHints":{"allow":["GET"]}}],"collection":[{"href":"https:\/\/www.zero-yen-media.fr\/home2\/wp-json\/wp\/v2\/posts"}],"about":[{"href":"https:\/\/www.zero-yen-media.fr\/home2\/wp-json\/wp\/v2\/types\/post"}],"author":[{"embeddable":true,"href":"https:\/\/www.zero-yen-media.fr\/home2\/wp-json\/wp\/v2\/users\/1"}],"replies":[{"embeddable":true,"href":"https:\/\/www.zero-yen-media.fr\/home2\/wp-json\/wp\/v2\/comments?post=55719"}],"version-history":[{"count":0,"href":"https:\/\/www.zero-yen-media.fr\/home2\/wp-json\/wp\/v2\/posts\/55719\/revisions"}],"wp:featuredmedia":[{"embeddable":true,"href":"https:\/\/www.zero-yen-media.fr\/home2\/wp-json\/"}],"wp:attachment":[{"href":"https:\/\/www.zero-yen-media.fr\/home2\/wp-json\/wp\/v2\/media?parent=55719"}],"wp:term":[{"taxonomy":"category","embeddable":true,"href":"https:\/\/www.zero-yen-media.fr\/home2\/wp-json\/wp\/v2\/categories?post=55719"},{"taxonomy":"post_tag","embeddable":true,"href":"https:\/\/www.zero-yen-media.fr\/home2\/wp-json\/wp\/v2\/tags?post=55719"}],"curies":[{"name":"wp","href":"https:\/\/api.w.org\/{rel}","templated":true}]}}