{"id":55729,"date":"2015-09-01T13:02:59","date_gmt":"2015-09-01T11:02:59","guid":{"rendered":"http:\/\/www.zero-yen-media.fr\/home\/?p=55729"},"modified":"2015-09-01T13:02:59","modified_gmt":"2015-09-01T11:02:59","slug":"les-nouveautes-ki-oon-du-mois-de-septembre-2015","status":"publish","type":"post","link":"https:\/\/www.zero-yen-media.fr\/home2\/2015\/09\/les-nouveautes-ki-oon-du-mois-de-septembre-2015.html","title":{"rendered":"Les nouveaut\u00e9s Ki-oon du mois de septembre 2015"},"content":{"rendered":"<p>Les \u00e9ditions Ki-oon vous pr\u00e9sentent les nouveaut\u00e9s qui para\u00eetront dans quelques jours dans votre librairie pr\u00e9f\u00e9r\u00e9e.<!--more--><br \/>\n<span style=\"color: #ff0000;\"><strong>SORTIE LE 10 SEPTEMBRE<\/strong><\/span><br \/>\n<strong>Last Hero Inuyashiki Vol. 1<\/strong><br \/>\n<a href=\"http:\/\/www.zero-yen-media.fr\/home\/wp-content\/uploads\/2015\/09\/last-hero-inuyashiki-1.jpg\"><img fetchpriority=\"high\" decoding=\"async\" class=\"alignleft size-medium wp-image-55741\" src=\"http:\/\/www.zero-yen-media.fr\/home\/wp-content\/uploads\/2015\/09\/last-hero-inuyashiki-1-216x300.jpg\" alt=\"last-hero-inuyashiki-1\" width=\"200\" height=\"300\" \/><\/a>\u00c0 58 ans, Ichiro Inuyashiki est loin d\u2019\u00eatre un mod\u00e8le pour ses enfants. Vieux avant l\u2019\u00e2ge, m\u00e9pris\u00e9 de tous, il a v\u00e9cu toute sa vie en employ\u00e9 de bureau minable et n\u2019a pour toute amie que sa chienne Hanako. Comme si cela ne suffisait pas, on lui diagnostique un cancer en phase terminale lors d\u2019un examen de routine&#8230; C\u2019en est trop pour le pauvre vieillard. Alors qu\u2019il pleure de d\u00e9sespoir dans un parc en pleine nuit, une lumi\u00e8re aveuglante appara\u00eet&#8230; et c\u2019est l\u2019impact !<br \/>\n\u00c0 son r\u00e9veil, \u00e9tendu dans l\u2019herbe, Inuyashiki n\u2019est plus le m\u00eame. Il a \u00e9t\u00e9 transform\u00e9 en cyborg surpuissant, libre de faire ce qu\u2019il veut de ses nouveaux pouvoirs, le meilleur comme le pire. Et il n\u2019est pas le seul dans ce cas&#8230;<br \/>\n\u00c0 nouveau corps, nouvelles responsabilit\u00e9s : devenir un h\u00e9ros, ou le pire cauchemar de l\u2019humanit\u00e9&#8230;<br \/>\nD\u00e9couvrez Last Hero Inuyashiki, la nouvelle s\u00e9rie choc de Hiroya Oku (Gantz), le ma\u00eetre de la SF contemporaine !<br \/>\n<strong>Auteur :<\/strong> <em>Hiroya Oku<\/em><br \/>\n<strong>Prix de vente :<\/strong> <em>7,90 \u20ac<\/em><br \/>\n<strong>Nombre de volumes :<\/strong> <em>4 (s\u00e9rie en cours)<\/em><br \/>\n<strong>The Arms Peddler Vol. 7<\/strong><br \/>\n<a href=\"http:\/\/www.zero-yen-media.fr\/home\/wp-content\/uploads\/2015\/09\/arms-peddler-7.jpg\"><img decoding=\"async\" class=\"alignleft size-medium wp-image-55742\" src=\"http:\/\/www.zero-yen-media.fr\/home\/wp-content\/uploads\/2015\/09\/arms-peddler-7-217x300.jpg\" alt=\"arms-peddler-7\" width=\"200\" height=\"300\" \/><\/a>Dans les rues de Hemden, Sona fait la connaissance de Sabel, 8e prince du Balzar et assassin de la guilde du Tigre. Mais les deux gar\u00e7ons tombent nez \u00e0 nez avec une cr\u00e9ature de cauchemar, encore rouge du sang des soldats qu\u2019elle vient de massacrer&#8230;<br \/>\nKidnapp\u00e9 par le monstre, Sona se r\u00e9veille dans le manoir d\u2019Helmut Brahl, le pr\u00e9sident du conseil de la ville. La fille du notable, Lonia, lui raconte alors la triste histoire qui a amen\u00e9 son p\u00e8re \u00e0 lire le grimoire des cl\u00e9s. Pendant ce temps, Garami se met en qu\u00eate, bien d\u00e9cid\u00e9e \u00e0 retrouver son jeune prot\u00e9g\u00e9&#8230; ainsi que le fameux ouvrage !<br \/>\n&nbsp;<br \/>\n<strong>Auteurs :<\/strong> <em>Kyoichi Nanatsuki et Night Owl<\/em><br \/>\n<strong>Prix de vente :<\/strong> <em>7,65 \u20ac<\/em><br \/>\n<strong>Nombre de volumes :<\/strong> <em>7 (s\u00e9rie en cours)<\/em><br \/>\n<strong>\u00dcbel Blatt Vol. 17<\/strong><br \/>\n<a href=\"http:\/\/www.zero-yen-media.fr\/home\/wp-content\/uploads\/2015\/09\/ubel-blatt-17.jpg\"><img decoding=\"async\" class=\"alignleft size-medium wp-image-55743\" src=\"http:\/\/www.zero-yen-media.fr\/home\/wp-content\/uploads\/2015\/09\/ubel-blatt-17-217x300.jpg\" alt=\"ubel-blatt-17\" width=\"200\" height=\"300\" \/><\/a>Une des fid\u00e8les de Glenn se pr\u00e9sente au manoir de l\u2019\u00e9p\u00e9e pour rallier le professeur Gury\u00eb \u00e0 la cause de son suzerain, en lui offrant de boire un philtre cens\u00e9 conf\u00e9rer jeunesse et puissance. Mais si le ma\u00eetre d\u2019armes refuse, un de ses \u00e9l\u00e8ves, lui, c\u00e8de \u00e0 la tentation. Transform\u00e9 en cr\u00e9ature monstrueuse, il se sauve dans les montagnes, non sans laisser quelques cadavres dans son sillage&#8230;<br \/>\nPar un \u00e9trange tour du destin, il atterrit sur le terrain d\u2019entra\u00eenement d\u2019Ato et de K\u00f6inzell, o\u00f9 ses poursuivants le rattrapent. Lorsque le combat tourne au duel entre le tueur de h\u00e9ros et Degiida, le professeur Gury\u00eb finit par reconna\u00eetre son ancien prot\u00e9g\u00e9. Va-t-elle le condamner&#8230; ou le soutenir ?<br \/>\n&nbsp;<br \/>\n<strong>Auteur :<\/strong> <em>Etor\u00f4ji Shiono<\/em><br \/>\n<strong>Prix de vente :<\/strong> <em>7,65 \u20ac<\/em><br \/>\n<strong>Nombre de volumes :<\/strong> <em>17 (s\u00e9rie en cours)<\/em><br \/>\n<strong>Dragon Quest \u2013 Emblem of Roto Vol. 15<\/strong><br \/>\n<a href=\"http:\/\/www.zero-yen-media.fr\/home\/wp-content\/uploads\/2015\/09\/emblem-of-roto-15.jpg\"><img loading=\"lazy\" decoding=\"async\" class=\"alignleft size-medium wp-image-55744\" src=\"http:\/\/www.zero-yen-media.fr\/home\/wp-content\/uploads\/2015\/09\/emblem-of-roto-15-197x300.jpg\" alt=\"emblem-of-roto-15\" width=\"200\" height=\"300\" \/><\/a>Arus et Aster partent pour le Liamland, o\u00f9 ils fr\u00f4lent de peu la catastrophe : au cours d\u2019un combat contre des glaglators, l\u2019orbe des t\u00e9n\u00e8bres commence \u00e0 s\u2019\u00e9veiller ! Heureusement, l\u2019intervention des saintes gardiennes de l\u2019\u0153uf d\u2019Empyr\u00e9a permet d\u2019\u00e9viter le pire, et les deux h\u00e9ros leur confient l\u2019artefact l\u2019esprit l\u00e9ger.<br \/>\nLe troisi\u00e8me descendant de Roto regagne alors le monde souterrain, tandis qu\u2019Arus se rend \u00e0 Ezzo pour rejoindre ses compagnons au lac Mystique. Mais, une fois \u00e0 destination, c\u2019est Gorgona et ses zombies qu\u2019il va \u00e0 nouveau lui falloir affronter&#8230;<br \/>\n<strong>Auteur :<\/strong> <em>Kamui Fujiwara<\/em><br \/>\n<strong>Prix de vente :<\/strong> <em>6,60 \u20ac<\/em><br \/>\n<strong>Nombre de volumes :<\/strong> <em>21 (s\u00e9rie termin\u00e9e)<\/em><br \/>\n<strong>Secret Vol. 2<\/strong><br \/>\n<a href=\"http:\/\/www.zero-yen-media.fr\/home\/wp-content\/uploads\/2015\/09\/secret-2.jpg\"><img loading=\"lazy\" decoding=\"async\" class=\"alignleft size-medium wp-image-55749\" src=\"http:\/\/www.zero-yen-media.fr\/home\/wp-content\/uploads\/2015\/09\/secret-2-217x300.jpg\" alt=\"secret-2\" width=\"200\" height=\"300\" \/><\/a>Si les rescap\u00e9s refusent tout d\u2019abord de croire les accusations de M. Mitomo, le doute s\u2019installe lorsque l\u2019un des \u00e9l\u00e8ves, Ozu, est agress\u00e9 dans une salle de classe. Puis c\u2019est au tour d\u2019Iku, qui attendait le psychologue \u00e0 l\u2019infirmerie pour lui demander des comptes, d\u2019\u00eatre pris pour cible !<br \/>\nMais quand il parvient \u00e0 enlever le masque de son assaillant, l\u2019adolescent tombe de haut, car c\u2019est le visage de Yukito qu\u2019il d\u00e9couvre&#8230; Son camarade avoue avoir profit\u00e9 de l\u2019accident pour commettre l\u2019irr\u00e9parable et tente de mettre fin \u00e0 ses jours en se jetant dans le vide. D\u00e9termin\u00e9 \u00e0 d\u00e9couvrir la v\u00e9rit\u00e9 sur la mort de son ami Shun, Iku d\u00e9cide alors de mener l\u2019enqu\u00eate&#8230;<br \/>\n&nbsp;<br \/>\n<strong>Auteur :<\/strong> <em>Yoshiki Tonogai<\/em><br \/>\n<strong>Prix de vente :<\/strong> <em>7,65 \u20ac<\/em><br \/>\n<strong>Nombre de volumes :<\/strong> <em>3 (s\u00e9rie termin\u00e9e)<\/em><br \/>\n<strong>Final Fantasy Type-0 \u2013 Le Guerrier \u00e0 l\u2019\u00e9p\u00e9e de glace Vol. 2<br \/>\n<\/strong><br \/>\n<a href=\"http:\/\/www.zero-yen-media.fr\/home\/wp-content\/uploads\/2015\/09\/final-fantasy-type-0-2.jpg\"><img loading=\"lazy\" decoding=\"async\" class=\"alignleft size-medium wp-image-55745\" src=\"http:\/\/www.zero-yen-media.fr\/home\/wp-content\/uploads\/2015\/09\/final-fantasy-type-0-2-217x300.jpg\" alt=\"final-fantasy-type-0-2\" width=\"200\" height=\"300\" \/><\/a>Sur les conseils de Miwa, Kurasame commence tout juste \u00e0 s\u2019int\u00e9grer au sein de la Classe Trois et accepte m\u00eame de participer \u00e0 un test de courage. H\u00e9las, celui-ci tourne vite au cauchemar lorsque les \u00e9l\u00e8ves sont attaqu\u00e9s par des criminels concordiens&#8230; Seuls quatre aspirants en r\u00e9chappent : Kurasame, Glenn, Miwa et Kotetsu.<br \/>\nSi le drame a resserr\u00e9 les liens qui les unissent, les survivants ont du mal \u00e0 surmonter leur traumatisme. Alors quand on les charge d\u2019une mission pour le royaume de Concordia, les futurs champions de Rubrum sont r\u00e9ticents \u00e0 l\u2019id\u00e9e d\u2019aider ceux qu\u2019ils voient comme des ennemis ! Pourtant, ils sont encore bien loin de conna\u00eetre toute la v\u00e9rit\u00e9 sur ce qui se trame en Orience&#8230;<br \/>\n<strong>Auteur :<\/strong> <em>Takatoshi Shiozawa <\/em><br \/>\n<strong>Prix de vente :<\/strong> <em>7,65 \u20ac<\/em><br \/>\n<strong>Nombre de volumes :<\/strong> <em>5 (s\u00e9rie termin\u00e9e)<\/em><br \/>\n&nbsp;<br \/>\n<span style=\"color: #ff0000;\"><strong>SORTIE LE 24 SEPTEMBRE<\/strong><\/span><br \/>\n<strong>Ad Astra Vol. 7<br \/>\n<\/strong><br \/>\n<a href=\"http:\/\/www.zero-yen-media.fr\/home\/wp-content\/uploads\/2015\/09\/AdAstra-7.jpg\"><img loading=\"lazy\" decoding=\"async\" class=\"alignleft size-medium wp-image-55746\" src=\"http:\/\/www.zero-yen-media.fr\/home\/wp-content\/uploads\/2015\/09\/AdAstra-7-217x300.jpg\" alt=\"AdAstra-7\" width=\"200\" height=\"300\" \/><\/a>La perte de son futur beau-p\u00e8re et de son meilleur ami a r\u00e9veill\u00e9 l\u2019ambition qui dormait en Scipion&#8230; Pour qu\u2019un massacre de l\u2019ampleur de la bataille de Cannes ne frappe plus jamais la R\u00e9publique, il est d\u00e9sormais pr\u00eat \u00e0 tous les sacrifices ! Seulement, pour monter en grade, il lui faut composer avec le g\u00e9n\u00e9ral Marcellus, son nouveau sup\u00e9rieur hi\u00e9rarchique. Or, l\u2019homme ne semble gu\u00e8re appr\u00e9cier les m\u00e9thodes du jeune Romain\u2026<br \/>\nDe son c\u00f4t\u00e9, Hannibal n\u2019a pas le loisir de savourer sa victoire : Maharbal lui reproche d\u00e9j\u00e0 de ne pas marcher sur Rome imm\u00e9diatement, en profitant du d\u00e9sarroi du camp adverse pour conqu\u00e9rir la cit\u00e9. Car le vent pourrait bien tourner&#8230; Isol\u00e9 loin de sa patrie avec un contingent de Gaulois t\u00eatus, entour\u00e9 de cit\u00e9s hostiles, le Carthaginois a toujours l\u2019avantage, mais pour combien de temps ?<br \/>\n<strong>Auteur :<\/strong> <em>Mihachi Kagano<\/em><br \/>\n<strong>Prix de vente :<\/strong> <em>7,90 \u20ac<\/em><br \/>\n<strong>Nombre de volumes :<\/strong> <em>7 (s\u00e9rie en cours)<\/em><br \/>\n<strong>Cesare Vol. 11<\/strong><br \/>\n<a href=\"http:\/\/www.zero-yen-media.fr\/home\/wp-content\/uploads\/2015\/09\/cesare-11.jpg\"><img loading=\"lazy\" decoding=\"async\" class=\"alignleft size-medium wp-image-55747\" src=\"http:\/\/www.zero-yen-media.fr\/home\/wp-content\/uploads\/2015\/09\/cesare-11-217x300.jpg\" alt=\"cesare-11\" width=\"200\" height=\"300\" \/><\/a>C\u2019est \u00e0 l\u2019abbaye de Fiesole que Giovanni re\u00e7oit ses insignes cardinalices avant de rejoindre Florence, o\u00f9 une foule joyeuse brave la pluie pour venir l\u2019acclamer. Mais Lorenzo, qui attendait pourtant ce jour avec impatience, n\u2019assiste pas au spectacle : clou\u00e9 au lit, rong\u00e9 par la maladie, il observe d\u2019un \u0153il inquiet les agissements de son fils Piero, gris\u00e9 par le succ\u00e8s de son cadet.<br \/>\nL\u2019heure est donc venue pour chacun de quitter les bancs de l\u2019universit\u00e9 et de suivre son propre chemin. Tandis que Cesare s\u2019emploie \u00e0 soutenir son p\u00e8re depuis Pise, Angelo, lui, part pour Rome afin de seconder le jeune M\u00e9dicis dans ses d\u00e9buts \u00e0 la Curie&#8230;<br \/>\n&nbsp;<br \/>\n<strong>Auteur :<\/strong> <em>Fuyumi S\u00f4ry\u00f4<\/em><br \/>\n<strong>Prix de vente :<\/strong> <em>7,90 \u20ac<\/em><br \/>\n<strong>Nombre de volumes :<\/strong> <em>11 (s\u00e9rie en cours)<\/em><br \/>\n<strong>Animal Kingdom Vol. 12<\/strong><br \/>\n<a href=\"http:\/\/www.zero-yen-media.fr\/home\/wp-content\/uploads\/2015\/09\/animal-kingdom-12.jpg\"><img loading=\"lazy\" decoding=\"async\" class=\"alignleft size-medium wp-image-55748\" src=\"http:\/\/www.zero-yen-media.fr\/home\/wp-content\/uploads\/2015\/09\/animal-kingdom-12-197x300.jpg\" alt=\"animal-kingdom-12\" width=\"200\" height=\"300\" \/><\/a>Les animaux qui ont envahi la tour ne sont pas au bout de leurs peines. En effet, ils doivent faire face aux Babel 3, des chim\u00e8res surpuissantes taill\u00e9es pour le combat ! Ce n\u2019est qu\u2019au prix de leur vie que Lame-volante se d\u00e9barrasse de la premi\u00e8re et que Dogen a raison de la deuxi\u00e8me&#8230;<br \/>\nDe leur c\u00f4t\u00e9, Riemu et Salade de nouilles n\u2019ont pas perdu de temps : Taroza semble enfin hors de danger, m\u00eame s\u2019il reste inconscient. Malheureusement, Robin, la derni\u00e8re des Babel 3, ne compte pas attendre le r\u00e9veil du jeune homme pour intervenir&#8230; Les b\u00eates \u00e9puis\u00e9es seront-elles capables de tenir t\u00eate \u00e0 ce nouvel ennemi ?<br \/>\n&nbsp;<br \/>\n<strong>Auteur :<\/strong> <em>Makoto Raiku<\/em><br \/>\n<strong>Prix de vente :<\/strong> <em>6,60 \u20ac<\/em><br \/>\n<strong>Nombre de volumes :<\/strong>\u00a0<em>14 (s\u00e9rie termin\u00e9e)<\/em><br \/>\n<strong>Warlord Vol. 10<\/strong><br \/>\n<a href=\"http:\/\/www.zero-yen-media.fr\/home\/wp-content\/uploads\/2015\/05\/warlord-10.jpg\"><img loading=\"lazy\" decoding=\"async\" class=\"alignleft size-medium wp-image-54440\" src=\"http:\/\/www.zero-yen-media.fr\/home\/wp-content\/uploads\/2015\/05\/warlord-10-217x300.jpg\" alt=\"warlord-10\" width=\"200\" height=\"300\" \/><\/a>Les hommes du shogun r\u00e9ussissent \u00e0 p\u00e9n\u00e9trer dans l\u2019enceinte de la forteresse du diable, o\u00f9 ils ne tardent pas \u00e0 tomber dans un pi\u00e8ge. Massacr\u00e9s les uns apr\u00e8s les autres, ils ne doivent leur salut qu\u2019\u00e0 l\u2019arriv\u00e9e d\u2019un groupe de Ryongs rebelles men\u00e9s par le prince Cherab&#8230; qui, \u00e0 la surprise g\u00e9n\u00e9rale, se r\u00e9v\u00e8le \u00eatre Ahn le ph\u00e9nix !<br \/>\nPendant ce temps, les compagnons de Maruhan tombent les uns apr\u00e8s les autres sous les attaques destructrices de Daram. Mais gr\u00e2ce \u00e0 sa nature de sang-m\u00eal\u00e9, le guerrier d\u2019Arkanzel parvient \u00e0 contenir certains des assauts et \u00e0 puiser dans ses derni\u00e8res forces pour porter un coup \u00e0 son adversaire ! Lorsqu\u2019une de ses cornes est coup\u00e9e net, le seigneur de la citadelle retrouve soudain ses esprits : l\u2019occasion de revenir sur les \u00e9v\u00e9nements qui ont pr\u00e9cipit\u00e9 la chute des Ryongs, des ann\u00e9es auparavant&#8230;<br \/>\n<strong>Auteurs :<\/strong> <em>Byung Jin Kim et Sung Jae Kim<\/em><br \/>\n<strong>Prix de vente :<\/strong> <em>7,65 \u20ac<\/em><br \/>\n<strong>Nombre de volumes :<\/strong> <em>10 (s\u00e9rie en cours)<\/em><br \/>\n&nbsp;<\/p>\n","protected":false},"excerpt":{"rendered":"<p>Les \u00e9ditions Ki-oon vous pr\u00e9sentent les nouveaut\u00e9s qui para\u00eetront dans quelques jours dans votre librairie pr\u00e9f\u00e9r\u00e9e.<\/p>\n","protected":false},"author":1,"featured_media":34270,"comment_status":"open","ping_status":"open","sticky":false,"template":"","format":"standard","meta":{"ngg_post_thumbnail":0,"footnotes":""},"categories":[22,8,10],"tags":[20874,22918,23404,23867,24557],"class_list":{"0":"post-55729","1":"post","2":"type-post","3":"status-publish","4":"format-standard","5":"has-post-thumbnail","7":"category-manga-manga-culture","8":"category-manga-culture","9":"category-news","10":"tag-20874","11":"tag-ki-oon","12":"tag-manga-2","13":"tag-nouveautes","14":"tag-septembre"},"_links":{"self":[{"href":"https:\/\/www.zero-yen-media.fr\/home2\/wp-json\/wp\/v2\/posts\/55729","targetHints":{"allow":["GET"]}}],"collection":[{"href":"https:\/\/www.zero-yen-media.fr\/home2\/wp-json\/wp\/v2\/posts"}],"about":[{"href":"https:\/\/www.zero-yen-media.fr\/home2\/wp-json\/wp\/v2\/types\/post"}],"author":[{"embeddable":true,"href":"https:\/\/www.zero-yen-media.fr\/home2\/wp-json\/wp\/v2\/users\/1"}],"replies":[{"embeddable":true,"href":"https:\/\/www.zero-yen-media.fr\/home2\/wp-json\/wp\/v2\/comments?post=55729"}],"version-history":[{"count":0,"href":"https:\/\/www.zero-yen-media.fr\/home2\/wp-json\/wp\/v2\/posts\/55729\/revisions"}],"wp:featuredmedia":[{"embeddable":true,"href":"https:\/\/www.zero-yen-media.fr\/home2\/wp-json\/"}],"wp:attachment":[{"href":"https:\/\/www.zero-yen-media.fr\/home2\/wp-json\/wp\/v2\/media?parent=55729"}],"wp:term":[{"taxonomy":"category","embeddable":true,"href":"https:\/\/www.zero-yen-media.fr\/home2\/wp-json\/wp\/v2\/categories?post=55729"},{"taxonomy":"post_tag","embeddable":true,"href":"https:\/\/www.zero-yen-media.fr\/home2\/wp-json\/wp\/v2\/tags?post=55729"}],"curies":[{"name":"wp","href":"https:\/\/api.w.org\/{rel}","templated":true}]}}