{"id":56747,"date":"2015-12-27T13:34:46","date_gmt":"2015-12-27T12:34:46","guid":{"rendered":"http:\/\/www.zero-yen-media.fr\/home\/?p=56747"},"modified":"2022-07-19T16:58:35","modified_gmt":"2022-07-19T14:58:35","slug":"interview-tanis-1ere-partie","status":"publish","type":"post","link":"https:\/\/www.zero-yen-media.fr\/home2\/2015\/12\/interview-tanis-1ere-partie.html","title":{"rendered":"Interview : Tanis (1\u00e8re partie)"},"content":{"rendered":"<p>C\u2019est \u00e0 l\u2019occasion de la sortie de son single pop <em>Ce n\u2019est pas moi<\/em> que nous avons approch\u00e9 cette jeune musicienne discr\u00e8te aux talents multiples !<!--more--><br \/>\n<img fetchpriority=\"high\" decoding=\"async\" class=\"aligncenter wp-image-56793 size-full\" title=\"\u00a9 TANIS\" src=\"http:\/\/www.zero-yen-media.fr\/home\/wp-content\/uploads\/2015\/12\/Tanis_01.jpg\" alt=\"Tanis_01\" width=\"580\" height=\"387\"><br \/>\nPartag\u00e9e entre plusieurs cultures et gr\u00e2ce \u00e0 son univers sobre mais singulier, elle nous apporte une certaine fra\u00eecheur musicale. Nous vous proposons le t\u00e9moignage de cette artiste \u00e0 suivre de pr\u00e8s.<\/p>\n<p><strong><span style=\"color: #ff0000;\">Zero Yen (ZY) :<\/span> Bonjour Tanis ! Quand et comment es-tu devenue chanteuse ?<br \/>\n<\/strong><br \/>\n<span style=\"color: #ff9900;\"><strong>Tanis :<\/strong><\/span> Aussi loin que je puisse me rappeler, la musique a fait partie de ma vie. Mon p\u00e8re aimait avoir des instruments de musique \u00e0 la maison car il esp\u00e9rait que ses enfants l\u2019apprennent &#8211; ce qu\u2019il n\u2019avait pu faire lui-m\u00eame quand il \u00e9tait plus jeune. Donc, depuis mes toutes premi\u00e8res ann\u00e9es, je me suis mise \u00e0 jouer avec un piano (plut\u00f4t que de jouer du piano !) mais, petit \u00e0 petit, cela m\u2019a donn\u00e9 envie de savoir vraiment en jouer. Au d\u00e9but, j\u2019apprenais \u00e0 jouer une m\u00e9lodie simplement en l\u2019\u00e9coutant et essayant de la reproduire sur le clavier encore et encore, jusqu\u2019\u00e0 ce que je r\u00e9ussisse. Et plus je le faisais, plus cela devenait facile. J\u2019\u00e9tais alors extr\u00eamement timide et avais beaucoup de mal \u00e0 exprimer mes sentiments. Dans une certaine mesure, la musique \u00e9tait ma seule fa\u00e7on d\u2019exprimer mes \u00e9motions et de communiquer.<\/p>\n<p>Les mauvais jours, il m\u2019arrivait de me mettre au piano et de jouer et chanter tout ce qui me passait par la t\u00eate, toute la journ\u00e9e. Un jour, alors que j\u2019avais onze ans, mon p\u00e8re est rentr\u00e9 \u00e0 la maison et, m\u2019\u00e9coutant jouer, m\u2019a demand\u00e9 quelle \u00e9tait cette jolie musique que je jouais. Je lui ai r\u00e9pondu que c\u2019en \u00e9tait une que j\u2019avais dans la t\u00eate. Il m\u2019a dit que je devrais l\u2019\u00e9crire pour ne pas l\u2019oublier. C\u2019est avec cet encouragement que je me suis mise \u00e0 \u00e9crire mes premi\u00e8res musiques et chansons. Bien s\u00fbr, j\u2019avais encore tout \u00e0 apprendre mais c\u2019est cela qui m\u2019a motiv\u00e9 \u00e0 le faire.<\/p>\n<p><strong><span style=\"color: #ff0000;\">ZY :<\/span> Qui a trouv\u00e9 le titre <em>Ce n\u2019est pas moi<\/em> ? Est-ce un peu toi quand m\u00eame ?<br \/>\n<\/strong><br \/>\n<strong><span style=\"color: #ff9900;\">Tanis :<\/span><\/strong> <em>Ce n\u2019est pas moi<\/em> est, contrairement au titre, bien une partie de moi ! J\u2019ai \u00e9crit cette chanson comme j\u2019\u00e9cris tous mes morceaux, \u00e0 un moment o\u00f9 quelque chose de tr\u00e8s priv\u00e9, un \u00e9v\u00e9nement ou une \u00e9motion, m\u2019a motiv\u00e9 \u00e0 le faire. <em>Ce n\u2019est pas moi<\/em> explique que ce n\u2019est pas parce que je ne peux pas dire \u00e0 quelqu\u2019un mes sentiments que ces sentiments n\u2019existent pas, m\u00eame si parler d\u2019amour \u00e0 haute voix, ce n\u2019est pas moi.<\/p>\n<p><strong><span style=\"color: #ff0000;\">ZY :<\/span> Pourquoi ce choix de titre ?<br \/>\n<\/strong><br \/>\n<span style=\"color: #ff9900;\"><strong>Tanis :<\/strong><\/span> C\u2019est un des vers de la chanson, celui qui revient le plus souvent et qui d\u00e9crit le sentiment du morceau aussi. Le clip est assez sobre et \u00e9pur\u00e9 avec beaucoup de blanc, de douceur et de puret\u00e9.<\/p>\n<p><img decoding=\"async\" class=\"aligncenter wp-image-56810 size-full\" title=\"\u00a9 TANIS\" src=\"http:\/\/www.zero-yen-media.fr\/home\/wp-content\/uploads\/2015\/12\/TANIS_Ce_nest_pas_moi_single.jpg\" alt=\"TANIS_Ce_nest_pas_moi_single\" width=\"300\" height=\"300\"><br \/>\n<strong><span style=\"color: #ff0000;\">ZY :<\/span> Est-ce toi qui a tout choisi et est-ce un peu \u00e0 ton image ?<br \/>\n<\/strong><br \/>\n<span style=\"color: #ff9900;\"><strong>Tanis :<\/strong><\/span> Oui, c\u2019est moi qui ai choisi cet univers blanc pur car le titre est dans ce m\u00eame esprit. Par contre, les autres choix (angles, mouvements, etc\u2026) sont bien s\u00fbr le fait du r\u00e9alisateur.<\/p>\n<p><strong><span style=\"color: #ff0000;\">ZY :<\/span> Pr\u00e9f\u00e8res-tu le travail de studio ou chanter en live ?<br \/>\n<\/strong><br \/>\n<span style=\"color: #ff9900;\"><strong>Tanis :<\/strong><\/span> Je n\u2019ai vraiment pas de pr\u00e9f\u00e9rence car ce sont deux exp\u00e9riences tout \u00e0 fait diff\u00e9rentes. En studio, parce que je compose, \u00e9cris mais aussi produis moi-m\u00eame ma musique et mes chansons, je dois pr\u00eater attention \u00e0 tous les \u00e9l\u00e9ments comme l\u2019instrumentation, les effets, le mixage et pas seulement chanter. C\u2019est autre chose en live car tout est organis\u00e9 avant et mon r\u00f4le est de d\u00e9livrer \u00e0 mon audience, par mon interpr\u00e9tation, l\u2019\u00e9motion que j\u2019ai ressentie en \u00e9crivant mes chansons.<\/p>\n<p><a href=\"http:\/\/www.zero-yen-media.fr\/home\/wp-content\/uploads\/2015\/12\/Tanis_02.jpg\"><img decoding=\"async\" class=\"aligncenter wp-image-56795\" title=\"\u00a9 TANIS\" src=\"http:\/\/www.zero-yen-media.fr\/home\/wp-content\/uploads\/2015\/12\/Tanis_02-1024x683.jpg\" alt=\"Tanis_02\" width=\"580\" height=\"387\"><\/a><br \/>\n<strong><span style=\"color: #ff0000;\">ZY :<\/span> Pourquoi le choix d\u2019interpr\u00e9ter des morceaux en fran\u00e7ais et en anglais ?<br \/>\n<\/strong><br \/>\n<span style=\"color: #ff9900;\"><strong>Tanis :<\/strong><\/span> Je suis n\u00e9e en France et je suis Fran\u00e7aise mais j\u2019ai pass\u00e9 la majorit\u00e9 de ma vie loin de la France et d\u2019un pays \u00e0 l\u2019autre. J\u2019ai \u00e9t\u00e9 \u00e9duqu\u00e9e d\u2019une fa\u00e7on compl\u00e8tement bilingue, mon p\u00e8re ne nous parlant que fran\u00e7ais \u00e0 la maison alors que ma m\u00e8re ne nous parlait qu\u2019en anglais. La cons\u00e9quence est que je pense, r\u00eave et \u00e9cris dans ces deux langues sans vraiment rencontrer de barri\u00e8res.<\/p>\n<p><strong><span style=\"color: #ff0000;\">ZY :<\/span> As-tu d\u00e9j\u00e0 pens\u00e9 \u00e0 faire un album enti\u00e8rement en langue chinoise ?<br \/>\n<\/strong><br \/>\n<span style=\"color: #ff9900;\"><strong>Tanis :<\/strong><\/span> J\u2019ai pens\u00e9 \u00e0 \u00e9crire quelques chansons en Chinois, oui, mais de l\u00e0 \u00e0 consid\u00e9rer \u00e9crire un album complet est peut-\u00eatre un peu ambitieux, bien que juste de m\u2019en parler me donne l\u2019envie de le faire !<\/p>\n<p><strong><span style=\"color: #ff0000;\">ZY :<\/span> Peux-tu nous en dire un petit peu plus sur <em>Blackout<\/em> ton album et les autres chansons \u00e0 venir ? Que nous r\u00e9serves-tu et quels sont tes titres pr\u00e9f\u00e9r\u00e9s et pourquoi ?<br \/>\n<\/strong><br \/>\n<span style=\"color: #ff9900;\"><strong>Tanis :<\/strong><\/span> Je crois que celui-ci a beaucoup \u00e0 offrir &#8211; tout au moins j\u2019ose l\u2019esp\u00e9rer ! Je dirais que <em>Ce n\u2019est pas moi<\/em> est sans doute le titre le plus simple et le plus doux de mon album. Cet opus contient une de mes chansons pr\u00e9f\u00e9r\u00e9es <em>Child In The Empty Forest<\/em>, qui symbolise la solitude dans laquelle on peut se trouver \u00e0 se sentir pas comme les autres. \u00c0 l\u2019extr\u00eame oppos\u00e9, il contient aussi une chanson beaucoup plus <em>upbeat<\/em>, <em>Drive<\/em>, exprimant le d\u00e9sir de partir et de vivre une vie libre et heureuse, loin des contraintes de la soci\u00e9t\u00e9.<\/p>\n<p><strong><span style=\"color: #ff0000;\">ZY :<\/span> Pourquoi ce titre <em>Blackout<\/em> ? Qui l\u2019a trouv\u00e9 ?<br \/>\n<\/strong><br \/>\n<span style=\"color: #ff9900;\"><strong>Tanis :<\/strong><\/span> <em>Blackout<\/em> est en fait le titre d\u2019une de mes chansons. J\u2019ai choisi ce titre pour mon premier album car mes morceaux expriment quelque chose \u00e0 la fois sombre et pur &#8211; la puret\u00e9 de la nuit, du n\u00e9ant. Dans un <em>blackout<\/em>, il n\u2019y a pas d\u2019\u00e9lectricit\u00e9, pas de lumi\u00e8re, rien qui puisse nous distraire de notre vie int\u00e9rieure &#8211; nous pouvons ainsi comprendre mieux qui nous sommes et nos sentiments. C\u2019est sans doute ce qu\u2019exprime mon album.<\/p>\n<p><strong><span style=\"color: #ff0000;\">ZY :<\/span> Ta vie multiculturelle a une influence certaine sur ta musique. Les sonorit\u00e9s que tu explores associent cette pluriculture avec les traditions occidentales. Quelles sont tes influences musicales ?<br \/>\n<\/strong><br \/>\n<span style=\"color: #ff9900;\"><strong>Tanis :<\/strong><\/span> Comme je l\u2019ai dit, j\u2019adore la musique et je garde toujours les oreilles et le c\u0153ur ouverts \u00e0 entendre des sons et musiques de toutes origines car on ne sait jamais d\u2019o\u00f9 vient l\u2019inspiration, o\u00f9 cela pourrait me mener et ce que je pourrais apprendre de ces sonorit\u00e9s. Je suis une grande fan de groupes comme <em>Bon Iver<\/em> et <em>Coldplay<\/em>. Leur travail a une telle richesse \u00e9motionnelle et sonore ! J\u2019ai toujours admir\u00e9 ce qu\u2019ils font. En ce qui concerne les inspirations culturelles que je peux avoir, il est certain que j\u2019aime associer les traditions occidentales <em>Pop<\/em> avec des instruments, sons et rythmes plus rares et <em>ethniques<\/em>. Je m\u2019efforce toujours d\u2019int\u00e9grer une certaine vari\u00e9t\u00e9 de sonorit\u00e9s dans ma musique, sous les seules conditions que cela s\u2019y pr\u00eate et que le r\u00e9sultat me plaise !<\/p>\n<p><strong><span style=\"color: #ff0000;\">ZY :<\/span> Tes textes parlent d\u2019amour mais aussi de recherche de soi dans ce monde vaste et troublant. Es-tu du genre \u00e0 cogiter beaucoup sur toi-m\u00eame et le devenir de notre plan\u00e8te et pour construire un monde meilleur ?<br \/>\n<\/strong><br \/>\n<span style=\"color: #ff9900;\"><strong>Tanis :<\/strong><\/span> Qui ne voudrait pas d&rsquo;un monde meilleur ? Une de mes chansons, <em>Losing my mind<\/em>, parle justement de notre plan\u00e8te, de la pauvret\u00e9, des choses qui me troublent au point de me faire <em>perdre la t\u00eate<\/em>\u2026<\/p>\n<p><strong><span style=\"color: #ff0000;\">ZY :<\/span> Comment es-tu devenue pianiste, guitariste et percussionniste ?<br \/>\n<\/strong><br \/>\n<span style=\"color: #ff9900;\"><strong>Tanis :<\/strong><\/span> J\u2019ai commenc\u00e9 \u00e0 jouer du piano \u00e0 l\u2019\u00e2ge de 5 ans et ai essentiellement appris \u00e0 jouer \u00e0 l\u2019oreille. Naturellement, en grandissant, j\u2019ai d\u00fb apprendre \u00e0 lire et \u00e9crire la musique. Plus je l\u2019\u00e9tudiais, plus je voulais en savoir et devenir vraiment capable de m\u2019exprimer en musique. Donc j\u2019ai commenc\u00e9 \u00e0 explorer d\u2019autres instruments. Nous avions alors une vieille guitare classique chez nous et le fait d\u2019en jouer est venu tout seul. Je me suis mise \u00e0 \u00e9tudier les percussions parce que, pour un compositeur, le rythme est tellement essentiel \u00e0 comprendre et ressentir que le meilleur moyen \u00e9tait d\u2019apprendre \u00e0 jouer moi-m\u00eame. J\u2019ai l\u2019intention ferme de ne jamais arr\u00eater d\u2019apprendre \u00e0 utiliser d\u2019autres instruments. De toute fa\u00e7on, il est indispensable pour un compositeur de comprendre le plus d\u2019instruments et de sons possibles.<\/p>\n<p><a href=\"http:\/\/www.zero-yen-media.fr\/home\/wp-content\/uploads\/2015\/12\/Tanis_03.jpg\"><img loading=\"lazy\" decoding=\"async\" class=\"aligncenter wp-image-56797\" title=\"\u00a9 TANIS\" src=\"http:\/\/www.zero-yen-media.fr\/home\/wp-content\/uploads\/2015\/12\/Tanis_03-1024x683.jpg\" alt=\"Tanis_03\" width=\"580\" height=\"387\"><\/a><br \/>\n<strong><span style=\"color: #ff0000;\">ZY :<\/span> En Angleterre puis aux USA, apr\u00e8s cinq ann\u00e9es en Chine, tu \u00e9tudies la com\u00e9die et la musique. Tu int\u00e8gres \u00e9galement la prestigieuse et tr\u00e8s s\u00e9lective universit\u00e9 <em>Steinhardt<\/em> \u00e0 New York avec sp\u00e9cialit\u00e9 musique de films. Cela n\u2019a pas \u00e9t\u00e9 trop difficile de te frayer un chemin de par ton c\u00f4t\u00e9 pluriculturel ?<br \/>\n<\/strong><br \/>\n<strong><span style=\"color: #ff9900;\">Tanis :<\/span><\/strong> Comme j\u2019ai v\u00e9cu dans plein de pays diff\u00e9rents depuis ma naissance, j\u2019ai pris l\u2019habitude de m\u2019adapter \u00e0 plus ou moins toutes les situations et cultures. Cela va sans dire qu\u2019au d\u00e9but, il peut y avoir un mini-choc culturel mais en g\u00e9n\u00e9ral, j\u2019ai appris \u00e0 m\u2019int\u00e9grer dans diff\u00e9rentes cultures et \u00e0 adapter mon style de vie \u00e0 l\u2019endroit o\u00f9 je suis. \u00c0 New York, je n\u2019ai pas eu du tout de probl\u00e8me d\u2019int\u00e9gration car c\u2019est une ville totalement internationale o\u00f9 il est quand m\u00eame facile de rester tr\u00e8s ind\u00e9pendante. Le fait que ce soit un tel <em>melting pot<\/em> de cultures et de personnalit\u00e9s de tous genres m\u2019a permis vite de me sentir moi-m\u00eame et chez moi dans cette grande ville.<\/p>\n<p>\u00c0 mon universit\u00e9, mes \u00e9tudes de Composition Musicale et Musique de Films couvrent une vari\u00e9t\u00e9 de sujets comme la th\u00e9orie, l\u2019histoire de la musique mais aussi la production digitale, l\u2019instrumentation et les technologies d\u2019enregistrement. Ces cours sont tr\u00e8s approfondis et sont con\u00e7us pour, qu\u2019\u00e0 terme, nous devenions des musiciens accomplis avec une culture musicale exceptionnelle.<\/p>\n<p><strong><span style=\"color: #ff0000;\">ZY :<\/span> Quelle est ta m\u00e9thode de travail quand tu chantes ? Est-elle la m\u00eame \u00e0 chaque fois que tu enregistres un morceau ?<br \/>\n<\/strong><br \/>\n<span style=\"color: #ff9900;\"><strong>Tanis :<\/strong><\/span> Je ne travaille pas toujours de la m\u00eame fa\u00e7on. Chacune de mes chansons a \u00e9t\u00e9 \u00e9crite et compos\u00e9e dans un ordre qui lui est propre, essentiellement car je travaille seule et donc suis mon inspiration. Je n\u2019aime pas forcer une id\u00e9e car souvent cela veut dire que mon c\u0153ur n\u2019y est pas et qu\u2019\u00e0 terme je vais perdre tout le travail fait. Quand une id\u00e9e surgit, cela peut venir de n\u2019importe o\u00f9. Si je ne suis pas pr\u00e8s d\u2019un piano ou pr\u00e8s de mon studio, je l\u2019\u00e9cris sur un papier pour ne pas l\u2019oublier et c\u2019est ensuite de cela que je pars.<\/p>\n<p><strong><span style=\"color: #ff0000;\">ZY :<\/span> Parmi tes activit\u00e9s, que pr\u00e9f\u00e8res-tu entre la composition, l\u2019\u00e9criture, l\u2019orchestration, l\u2019arrangement et le chant ?<\/p>\n<p><\/strong><span style=\"color: #ff9900;\"><strong>Tanis :<\/strong><\/span> C\u2019est sinc\u00e8rement tr\u00e8s difficile de choisir une plus que l\u2019autre parce que toutes ces activit\u00e9s sont li\u00e9es et ont besoin l\u2019une de l\u2019autre. La composition est bien s\u00fbr ma base. Sans la composition, cela ne sert \u00e0 rien d\u2019orchestrer, d\u2019\u00e9crire des paroles, et m\u00eame de chanter \u2013 du moins dans mon cas. Bien s\u00fbr, de temps en temps, je me mets au piano et chante les chansons des autres, sans autre but que de me faire plaisir : c\u2019est rafra\u00eechissant !<\/p>\n<p><a href=\"http:\/\/www.zero-yen-media.fr\/home\/wp-content\/uploads\/2015\/12\/Tanis_04.jpg\"><img loading=\"lazy\" decoding=\"async\" class=\"aligncenter wp-image-56802\" title=\"\u00a9 TANIS\" src=\"http:\/\/www.zero-yen-media.fr\/home\/wp-content\/uploads\/2015\/12\/Tanis_04-1024x576.jpg\" alt=\"Tanis_04\" width=\"580\" height=\"326\"><\/a><br \/>\n<strong><span style=\"color: #ff0000;\">ZY :<\/span> \u00c0 l\u2019image de ton p\u00e8re, tu es une artiste multi facettes et assez discr\u00e8te. Que pr\u00e9f\u00e8res-tu entre ton activit\u00e9 de photographe, musicienne et d\u2019actrice en d\u00e9veloppement ?<br \/>\n<\/strong><br \/>\n<span style=\"color: #ff9900;\"><strong>Tanis :<\/strong><\/span> La musique a toujours \u00e9t\u00e9 ma grande passion. M\u00eame si je fais plus tard quelque chose d\u2019autre dans ma vie, je suis certaine qu&rsquo;elle resterait au c\u0153ur de mon monde. Ma musique est tr\u00e8s visuelle, tout au moins c\u2019est comme cela que je la ressens. Sans doute parce que je suis photographe et parce que je fais aussi de la musique de film mais quand j\u2019\u00e9cris et produis une chanson, je vois toujours des images et j\u2019imagine d\u00e9j\u00e0 la vid\u00e9o. Quelquefois je dois me mettre dans un autre \u00e9tat d\u2019esprit ou dans la peau de quelqu\u2019un d\u2019autre, r\u00e9el ou imaginaire, et trouver en moi certaines \u00e9motions pour pouvoir choisir les mots et la musique qu\u2019il faut dans mes chansons, un peu comme une actrice se met dans un r\u00f4le. En conclusion, je dirais que la musique est l\u2019\u00e9pine dorsale de ma vie artistique et que le fait d\u2019\u00eatre photographe et actrice interagit et accompagne tout ce que je fais sur le plan musical.<\/p>\n<p><strong><span style=\"color: #ff0000;\">ZY :<\/span> Contrairement \u00e0 certains artistes \u00ab\u00a0enfants de\u00a0\u00bb, tu assumes totalement ta filiation avec ton p\u00e8re <em>Jean Chalopin,<\/em> le talentueux cr\u00e9ateur fran\u00e7ais de la soci\u00e9t\u00e9 <em>DIC<\/em> dans les ann\u00e9es 80 (qui a produit des dessins anim\u00e9s \u00e0 succ\u00e8s internationaux comme <em>Ulysse 31, Inspecteur Gadget, Les Myst\u00e9rieuses Cit\u00e9s d\u2019Or, Les Bisounours<\/em>\u2026). Quelles sont ses \u0153uvres anim\u00e9es et autres que tu as le plus aim\u00e9 \u00e9tant enfant et pourquoi ?<br \/>\n<\/strong><br \/>\n<span style=\"color: #ff9900;\"><strong>Tanis :<\/strong><\/span> Je suis qui je suis. Je n\u2019ai jamais vu la n\u00e9cessit\u00e9 de cacher que mon p\u00e8re est <em>Jean Chalopin<\/em> car c\u2019est un fait qu\u2019il l\u2019est mon p\u00e8re. J\u2019ai toujours admir\u00e9 son succ\u00e8s et quand j\u2019\u00e9coute certains \u00e9pisodes de sa vie et par quoi il est pass\u00e9, cela m\u2019encourage \u00e0 me battre pour ce que j\u2019aime et ne jamais renoncer.<\/p>\n<p>Parmi les s\u00e9ries de mon p\u00e8re, mes deux pr\u00e9f\u00e9r\u00e9es sont <em>Les Myst\u00e9rieuses Cit\u00e9s d\u2019Or<\/em> et <em>Le Ma\u00eetre des Botes<\/em>. J\u2019adore les aventures et histoires des <em>Myst\u00e9rieuses Cit\u00e9s d\u2019Or<\/em> car, enfant, elles me faisaient r\u00eaver et je m\u2019imaginais avec <em>Esteban<\/em> et <em>Zia<\/em>, dans les cit\u00e9s <em>Incas<\/em>. J\u2019ai d\u00e9couvert <em>Le Ma\u00eetre des Botes<\/em> un peu plus tard mais ce que j\u2019adorais vraiment \u00e9tait la musique, l\u2019action et la com\u00e9die s\u2019associant avec des sc\u00e8nes 3D vraiment incroyables ! C\u2019\u00e9tait la premi\u00e8re fois que je voyais des sc\u00e8nes 3D \u00e0 la t\u00e9l\u00e9vision avec ces lunettes sp\u00e9ciales et je pensais que c\u2019\u00e9tait vraiment la chose la plus <em>cool<\/em> au monde \u00e0 cette \u00e9poque.<\/p>\n<p><strong><span style=\"color: #ff0000;\">ZY :<\/span> Adorant lui-m\u00eame la musique sans \u00eatre devenu musicien, les maisons o\u00f9 tu as grandi \u00e9taient peupl\u00e9es d\u2019instruments de musique. Cela a-t-il orient\u00e9 quelque part tes choix ?<br \/>\n<\/strong><br \/>\n<span style=\"color: #ff9900;\"><strong>Tanis :<\/strong><\/span> Je dirais que le seul fait qu\u2019il y avait des instruments de musique \u00e0 la maison \u00e9tait clairement une bonne fa\u00e7on de me donner envie d\u2019apprendre. Mais je pense que ma motivation et inspiration viennent principalement du fait que je passais le plus clair de mon temps \u00e0 \u00e9couter la collection super \u00e9clectique de CD de mon p\u00e8re, m\u00eame avant que je puisse jouer du piano. Je pense que j\u2019aurais trouv\u00e9 la route me menant \u00e0 la musique de toute fa\u00e7on.<\/p>\n<p><strong>Fin de la premi\u00e8re partie.<\/strong><br \/>\n&nbsp;<\/p>\n<p style=\"text-align: right;\"><strong>Interview r\u00e9alis\u00e9e par Rui Pascoal<\/strong><\/p>\n<p><strong>Pour en savoir plus sur Tanis et son univers :<br \/>\n<\/strong><br \/>\n<a href=\"http:\/\/tanis.world\/\" target=\"_blank\" rel=\"noopener\">Site Officiel Tanis Music<\/a><br \/>\n<a href=\"https:\/\/www.youtube.com\/channel\/UCyJ8z0jn7KDZLtb24I3niSQ\" target=\"_blank\" rel=\"noopener\">Cha\u00eene YouTube<\/a><br \/>\n<a href=\"https:\/\/www.facebook.com\/tanismusic\/\" target=\"_blank\" rel=\"noopener\">Page Facebook<\/a><br \/>\n<a href=\"https:\/\/twitter.com\/tanismusic\" target=\"_blank\" rel=\"noopener\">Compte Twitter<\/a><br \/>\n<a href=\"https:\/\/instagram.com\/tanismusic\/\" target=\"_blank\" rel=\"noopener\">Page Instagram<\/a><br \/>\n<a href=\"http:\/\/www.tanischalopin.com\/\" target=\"_blank\" rel=\"noopener\">TanisChalopin.com<\/a><\/p>\n<p><strong>Remerciements et partie des sources :<\/strong> Jean et Ethel Chalopin, V\u00e9ronique Luzy (MoviePlus), Herv\u00e9 Benhamou (Your label PBC Music), IGN.com.<\/p>\n<p>Les photos illustrant cet article sont extraites du site officiel de Tanis Music et sont \u00a9 Tanis.<\/p>\n","protected":false},"excerpt":{"rendered":"<p>C\u2019est \u00e0 l\u2019occasion de la sortie de son single pop Ce n\u2019est pas moi que nous avons approch\u00e9 cette jeune musicienne discr\u00e8te aux talents multiples !<\/p>\n","protected":false},"author":1,"featured_media":89969,"comment_status":"open","ping_status":"open","sticky":false,"template":"","format":"standard","meta":{"ngg_post_thumbnail":0,"footnotes":""},"categories":[18,9,14],"tags":[21373,21508,22624,24995,24996],"class_list":{"0":"post-56747","1":"post","2":"type-post","3":"status-publish","4":"format-standard","5":"has-post-thumbnail","7":"category-interviews","8":"category-musique","9":"category-zero-yen","10":"tag-blackout","11":"tag-ce-nest-pas-moi","12":"tag-interview","13":"tag-tanis","14":"tag-tanis-chalopin"},"_links":{"self":[{"href":"https:\/\/www.zero-yen-media.fr\/home2\/wp-json\/wp\/v2\/posts\/56747","targetHints":{"allow":["GET"]}}],"collection":[{"href":"https:\/\/www.zero-yen-media.fr\/home2\/wp-json\/wp\/v2\/posts"}],"about":[{"href":"https:\/\/www.zero-yen-media.fr\/home2\/wp-json\/wp\/v2\/types\/post"}],"author":[{"embeddable":true,"href":"https:\/\/www.zero-yen-media.fr\/home2\/wp-json\/wp\/v2\/users\/1"}],"replies":[{"embeddable":true,"href":"https:\/\/www.zero-yen-media.fr\/home2\/wp-json\/wp\/v2\/comments?post=56747"}],"version-history":[{"count":2,"href":"https:\/\/www.zero-yen-media.fr\/home2\/wp-json\/wp\/v2\/posts\/56747\/revisions"}],"predecessor-version":[{"id":89971,"href":"https:\/\/www.zero-yen-media.fr\/home2\/wp-json\/wp\/v2\/posts\/56747\/revisions\/89971"}],"wp:featuredmedia":[{"embeddable":true,"href":"https:\/\/www.zero-yen-media.fr\/home2\/wp-json\/wp\/v2\/media\/89969"}],"wp:attachment":[{"href":"https:\/\/www.zero-yen-media.fr\/home2\/wp-json\/wp\/v2\/media?parent=56747"}],"wp:term":[{"taxonomy":"category","embeddable":true,"href":"https:\/\/www.zero-yen-media.fr\/home2\/wp-json\/wp\/v2\/categories?post=56747"},{"taxonomy":"post_tag","embeddable":true,"href":"https:\/\/www.zero-yen-media.fr\/home2\/wp-json\/wp\/v2\/tags?post=56747"}],"curies":[{"name":"wp","href":"https:\/\/api.w.org\/{rel}","templated":true}]}}