{"id":56850,"date":"2016-01-03T14:41:57","date_gmt":"2016-01-03T13:41:57","guid":{"rendered":"http:\/\/www.zero-yen-media.fr\/home\/?p=56850"},"modified":"2022-07-18T17:31:29","modified_gmt":"2022-07-18T15:31:29","slug":"cine-club-diffuse-un-documentaire-sur-le-studio-ghibli","status":"publish","type":"post","link":"https:\/\/www.zero-yen-media.fr\/home2\/2016\/01\/cine-club-diffuse-un-documentaire-sur-le-studio-ghibli.html","title":{"rendered":"Cin\u00e9+ Club diffuse un documentaire sur le Studio Ghibli"},"content":{"rendered":"<p>Le documentaire <em>Le royaume des r\u00eaves et de la folie (\u5922\u3068\u72c2\u6c17\u306e\u738b\u56fd)<\/em> sur le <em>Studio Ghibli<\/em> est enfin diffus\u00e9 sur le petit \u00e9cran fran\u00e7ais !<!--more--><br \/>\n<img fetchpriority=\"high\" decoding=\"async\" class=\"aligncenter size-full wp-image-56851\" src=\"http:\/\/www.zero-yen-media.fr\/home\/wp-content\/uploads\/2016\/01\/Ghibli_Yume_to_Kyouki_no_Oukoku.jpg\" alt=\"Ghibli_Yume_to_Kyouki_no_Oukoku\" width=\"500\" height=\"325\" srcset=\"https:\/\/www.zero-yen-media.fr\/home2\/wp-content\/uploads\/2016\/01\/Ghibli_Yume_to_Kyouki_no_Oukoku.jpg 500w, https:\/\/www.zero-yen-media.fr\/home2\/wp-content\/uploads\/2016\/01\/Ghibli_Yume_to_Kyouki_no_Oukoku-300x195.jpg 300w, https:\/\/www.zero-yen-media.fr\/home2\/wp-content\/uploads\/2016\/01\/Ghibli_Yume_to_Kyouki_no_Oukoku-138x90.jpg 138w\" sizes=\"(max-width: 500px) 100vw, 500px\" \/><\/p>\n<p>Sorti dans un nombre limit\u00e9 de salles aux <em>USA<\/em> fin 2014 et en <em>VOD<\/em> par la suite, voici que le documentaire <em>Le royaume des r\u00eaves et de la folie (\u5922\u3068\u72c2\u6c17\u306e\u738b\u56fd, Yume to Kyouki no Oukoku)<\/em> arrive dans l&rsquo;hexagone via la cha\u00eene <em>Cin\u00e9+ Club<\/em> (disponible sur <em>CanalSat<\/em>). Il sera diffus\u00e9 le lundi 04 janvier \u00e0 22h05 et rediffus\u00e9 le 10 janvier \u00e0 08h55. On peut supposer qu&rsquo;il sera aussi possible de le regarder en <em>replay<\/em> sur <em>Internet<\/em>.<\/p>\n<p>Ce reportage r\u00e9alis\u00e9 en 2013 pour les salles obscures japonaises et d&rsquo;une dur\u00e9e de presque 2 heures suit le quotidien du fameux <em>Studio Ghibli<\/em>. La r\u00e9alisatrice <em>Sunada Mami<\/em> a en effet pass\u00e9 pr\u00e8s d&rsquo;une ann\u00e9e aux c\u00f4t\u00e9s de <em>Miyazaki Hayao<\/em> et de ses collaborateurs alors qu&rsquo;il travaillait sur son dernier long-m\u00e9trage <em>Kaze Tachinu<\/em> (<em>\u98a8\u7acb\u3061\u306c, Le vent se l\u00e8ve<\/em> en <em>France<\/em>).<\/p>\n<p>Voici donc un \u00e9v\u00e9nement t\u00e9l\u00e9visuel \u00e0 ne pas manquer si vous avez acc\u00e8s \u00e0 la cha\u00eene <em>Cin\u00e9+ Club<\/em> !<\/p>\n<p><strong>Bande-annonce officielle japonaise<br \/>\n<\/strong><br \/>\nhttps:\/\/www.youtube.com\/watch?v=VikVW3NCQyU<\/p>\n<p>Source : Twitter<\/p>\n","protected":false},"excerpt":{"rendered":"<p>Le documentaire Le royaume des r\u00eaves et de la folie (\u5922\u3068\u72c2\u6c17\u306e\u738b\u56fd) sur le Studio Ghibli est enfin diffus\u00e9 sur le petit \u00e9cran fran\u00e7ais !<\/p>\n","protected":false},"author":1,"featured_media":87174,"comment_status":"open","ping_status":"open","sticky":false,"template":"","format":"standard","meta":{"ngg_post_thumbnail":0,"footnotes":""},"categories":[15,2,4,10],"tags":[21582,22272,22429,24839,25842,25867],"class_list":{"0":"post-56850","1":"post","2":"type-post","3":"status-publish","4":"format-standard","5":"has-post-thumbnail","7":"category-anime-anime-cinema","8":"category-anime-cinema","9":"category-divers","10":"category-news","11":"tag-cine","12":"tag-ghibli","13":"tag-hayao-miyazaki","14":"tag-studio-ghibli","15":"tag-25842","16":"tag-25867"},"_links":{"self":[{"href":"https:\/\/www.zero-yen-media.fr\/home2\/wp-json\/wp\/v2\/posts\/56850","targetHints":{"allow":["GET"]}}],"collection":[{"href":"https:\/\/www.zero-yen-media.fr\/home2\/wp-json\/wp\/v2\/posts"}],"about":[{"href":"https:\/\/www.zero-yen-media.fr\/home2\/wp-json\/wp\/v2\/types\/post"}],"author":[{"embeddable":true,"href":"https:\/\/www.zero-yen-media.fr\/home2\/wp-json\/wp\/v2\/users\/1"}],"replies":[{"embeddable":true,"href":"https:\/\/www.zero-yen-media.fr\/home2\/wp-json\/wp\/v2\/comments?post=56850"}],"version-history":[{"count":1,"href":"https:\/\/www.zero-yen-media.fr\/home2\/wp-json\/wp\/v2\/posts\/56850\/revisions"}],"predecessor-version":[{"id":89961,"href":"https:\/\/www.zero-yen-media.fr\/home2\/wp-json\/wp\/v2\/posts\/56850\/revisions\/89961"}],"wp:featuredmedia":[{"embeddable":true,"href":"https:\/\/www.zero-yen-media.fr\/home2\/wp-json\/wp\/v2\/media\/87174"}],"wp:attachment":[{"href":"https:\/\/www.zero-yen-media.fr\/home2\/wp-json\/wp\/v2\/media?parent=56850"}],"wp:term":[{"taxonomy":"category","embeddable":true,"href":"https:\/\/www.zero-yen-media.fr\/home2\/wp-json\/wp\/v2\/categories?post=56850"},{"taxonomy":"post_tag","embeddable":true,"href":"https:\/\/www.zero-yen-media.fr\/home2\/wp-json\/wp\/v2\/tags?post=56850"}],"curies":[{"name":"wp","href":"https:\/\/api.w.org\/{rel}","templated":true}]}}