{"id":61442,"date":"2016-07-05T16:52:27","date_gmt":"2016-07-05T14:52:27","guid":{"rendered":"http:\/\/www.zero-yen-media.fr\/home\/?p=61442"},"modified":"2022-07-01T10:25:34","modified_gmt":"2022-07-01T08:25:34","slug":"le-programme-de-crunchyroll-a-japan-expo","status":"publish","type":"post","link":"https:\/\/www.zero-yen-media.fr\/home2\/2016\/07\/le-programme-de-crunchyroll-a-japan-expo.html","title":{"rendered":"Le programme de Crunchyroll \u00e0 Japan Expo"},"content":{"rendered":"<p>Cette ann\u00e9e encore, <em>Crunchyroll<\/em> sera pr\u00e9sent \u00e0 <em>Japan Expo<\/em> : voici le programme des diff\u00e9rentes activit\u00e9s qui seront propos\u00e9es.<!--more--><\/p>\n<p><strong>Les cadeaux<br \/>\n<\/strong><br \/>\nChaque jour, une carte postale collector diff\u00e9rente sera offerte sur le stand (Jeudi : <em>Flying Witch<\/em>, Vendredi : <em>Mayoiga<\/em>, Samedi : <em>Re:Zero<\/em>, Dimanche : <em>Bung\u00f4 Stray Dogs<\/em>). Enfin, pour tout abonnement en <em>Premium<\/em>, on se verra offrir un poster au choix : <em>Re:Zero, Twin Star Exorcists, Orange, <\/em>mais aussi<em> Himouto<\/em>! Uramu-chan, <em>Garakowa &#8211; Restore the World, JoJo\u2019s Bizarre Adventure Stardust Crusaders <\/em>ou<em> GANGSTA.<br \/>\n<\/em><br \/>\n<img fetchpriority=\"high\" decoding=\"async\" class=\"aligncenter wp-image-61446\" src=\"http:\/\/www.zero-yen-media.fr\/home\/wp-content\/uploads\/2016\/07\/Cartes_Crunchyroll.jpg\" alt=\"Cartes_Crunchyroll\" width=\"700\" height=\"263\"><br \/>\n<strong>Les animations<br \/>\n<\/strong><br \/>\nUne partie du stand est constitu\u00e9 d\u2019une sc\u00e8ne sur laquelle se d\u00e9roulent des animations pendant les quatre jours du salon. Venez participer aux quiz, jeux et autres <em>blind tests<\/em> pour gagner de nombreux cadeaux offerts par nos partenaires : des mangas (<em>Big Order, The Testament of New Sister Devil, Orange, Taboo Tattoo, Prison School, S\u00e9ki mon voisin de classe, Yona princesse de l\u2019aube, Triage X<\/em>), mais aussi des figurines <em>Banpresto<\/em>, des posters, des marque-pages, des sacs-besaces ou des tasses !<\/p>\n<p>Enfin, un <em>photocall<\/em> <em>Orange<\/em> permettra d&rsquo;immortaliser un souvenir entour\u00e9 des personnages de la fameuse com\u00e9die.<\/p>\n<p><img decoding=\"async\" class=\"aligncenter wp-image-61444\" src=\"http:\/\/www.zero-yen-media.fr\/home\/wp-content\/uploads\/2016\/07\/Animations_Crunchyroll.jpg\" alt=\"Animations_Crunchyroll\" width=\"700\" height=\"440\"><br \/>\n<strong>Projections Berserk<br \/>\n<\/strong><br \/>\nSc\u00e8ne Yuzu &#8211; Vendredi 08 juillet, de 10h45 \u00e0 11h00<\/p>\n<p>Projection des \u00e9pisodes 1 et 2 de <em>Berserk<\/em> en VOSTFR. Le second \u00e9pisode sera propos\u00e9 en avant-premi\u00e8re puisque sa diffusion n\u2019aura lieu sur <em>Crunchyroll<\/em> qu\u2019en fin d\u2019apr\u00e8s-midi. \u00c0 noter que la projection sera pr\u00e9c\u00e9d\u00e9e d\u2019une petite pr\u00e9sentation en pr\u00e9sence d\u2019un invit\u00e9 japonais surprise.<\/p>\n<p><img decoding=\"async\" class=\"aligncenter wp-image-61445\" src=\"http:\/\/www.zero-yen-media.fr\/home\/wp-content\/uploads\/2016\/07\/Berserk_Crunchyroll.jpg\" alt=\"Berserk_Crunchyroll\" width=\"700\" height=\"320\"><br \/>\n<strong>\u00c9v\u00e9nements<br \/>\n<\/strong><br \/>\n<em>Rencontre avec Sh\u00f4ji Murahama (Emon Animation \/ Haoliners)<br \/>\n<\/em><br \/>\nSamedi 09 juillet de 17h00 \u00e0 17h30<\/p>\n<p>Ancien membre du mythique studio <em>Gainax<\/em> (<em>Evangelion<\/em>) et cofondateur du studio <em>Gonzo<\/em> (<em>Blue Submarine No 6, Last Exile, Gankutsu\u00f4<\/em>), <em>Sh\u00f4ji Murahama<\/em> travaille aujourd\u2019hui pour <em>Haoliners<\/em>, une soci\u00e9t\u00e9 qui initie des coproductions entre la <em>Chine<\/em> et le <em>Japon<\/em>.<\/p>\n<p><em>Conf\u00e9rence et concert ALYS<br \/>\n<\/em><br \/>\nSamedi 09 juillet, de 14h00 \u00e0 15h15<\/p>\n<p>D\u00e9velopp\u00e9e par <em>VoxWave<\/em>, <em>ALYS<\/em> est la premi\u00e8re chanteuse virtuelle franco-japonaise. En plus d\u2019une pr\u00e9sentation du projet, une grande annonce exclusive sera faite par l\u2019\u00e9quipe de <em>Voxwave<\/em>. Par ailleurs, les gagnants du concours de chansons lanc\u00e9 en mai dernier seront r\u00e9v\u00e9l\u00e9s. Enfin, cette pr\u00e9sentation sera suivie d\u2019un concert de 45 minutes avec <em>ALYS &amp; Lightning<\/em>.<\/p>\n<p><img loading=\"lazy\" decoding=\"async\" class=\"aligncenter size-full wp-image-61443\" src=\"http:\/\/www.zero-yen-media.fr\/home\/wp-content\/uploads\/2016\/07\/Alys_Crunchyroll.png\" alt=\"Alys_Crunchyroll\" width=\"599\" height=\"263\"><br \/>\n<em>Concert Lightning<br \/>\n<\/em><br \/>\nDimanche 10 juillet, de 14h00 \u00e0 14h30<\/p>\n<p>Influenc\u00e9 par le <em>visual kei<\/em> et notamment les groupes <em>X Japan<\/em> ou <em>Luna Sea<\/em>, <em>Lightning<\/em> est auteur-compositeur et interpr\u00e8te. Son album <em>Break the cage<\/em> a \u00e9t\u00e9 produit au <em>Japon<\/em> par <em>Kirakira Record<\/em>. Il collabore aussi au projet <em>ALYS<\/em>.<\/p>\n<p><em>Showcase TBK<br \/>\n<\/em><br \/>\nVendredi 8 juillet, de 14h00 \u00e0 14h30<\/p>\n<p><em>TBK<\/em> est une chanteuse pr\u00e9sente sur Internet depuis 2009. Elle r\u00e9alise en majorit\u00e9 des reprises de chansons d\u2019anim\u00e9s ou de <em>J-music<\/em> en anglais ou japonais, ainsi que des adaptations en fran\u00e7ais. Elle cr\u00e9e \u00e9galement des contenus originaux depuis mai 2015 en collaboration avec le groupe japonais <em>CREST<\/em> (<em>Touhou Project<\/em>).<\/p>\n<p><strong>Bornes JoJo<br \/>\n<\/strong><br \/>\nDeux bornes <em>PS4<\/em> seront pr\u00e9sentes sur le stand pour tester le nouveau jeu vid\u00e9o de <em>JoJo\u2019s Bizarre Adventure, Eyes of Heaven<\/em>, sorti chez <em>Bandai Namco Europe<\/em>.<\/p>\n<p>Par ailleurs, une projection du premier \u00e9pisode de <em>JoJo\u2019s Bizarre Adventure &#8211; Diamond is Unbreakable<\/em> aura lieu tous les jours sur le stand <em>Bandai Namco<\/em>, \u00e0 13h30.<\/p>\n<p>Source : Crunchyroll<\/p>\n","protected":false},"excerpt":{"rendered":"<p>Cette ann\u00e9e encore, Crunchyroll sera pr\u00e9sent \u00e0 Japan Expo : voici le programme des diff\u00e9rentes activit\u00e9s qui seront propos\u00e9es.<\/p>\n","protected":false},"author":1,"featured_media":87067,"comment_status":"open","ping_status":"open","sticky":false,"template":"","format":"standard","meta":{"ngg_post_thumbnail":0,"footnotes":""},"categories":[15,2,4,10],"tags":[21707,22693,24178],"class_list":{"0":"post-61442","1":"post","2":"type-post","3":"status-publish","4":"format-standard","5":"has-post-thumbnail","7":"category-anime-anime-cinema","8":"category-anime-cinema","9":"category-divers","10":"category-news","11":"tag-crunchyroll","12":"tag-japan-expo","13":"tag-programme"},"_links":{"self":[{"href":"https:\/\/www.zero-yen-media.fr\/home2\/wp-json\/wp\/v2\/posts\/61442","targetHints":{"allow":["GET"]}}],"collection":[{"href":"https:\/\/www.zero-yen-media.fr\/home2\/wp-json\/wp\/v2\/posts"}],"about":[{"href":"https:\/\/www.zero-yen-media.fr\/home2\/wp-json\/wp\/v2\/types\/post"}],"author":[{"embeddable":true,"href":"https:\/\/www.zero-yen-media.fr\/home2\/wp-json\/wp\/v2\/users\/1"}],"replies":[{"embeddable":true,"href":"https:\/\/www.zero-yen-media.fr\/home2\/wp-json\/wp\/v2\/comments?post=61442"}],"version-history":[{"count":2,"href":"https:\/\/www.zero-yen-media.fr\/home2\/wp-json\/wp\/v2\/posts\/61442\/revisions"}],"predecessor-version":[{"id":87069,"href":"https:\/\/www.zero-yen-media.fr\/home2\/wp-json\/wp\/v2\/posts\/61442\/revisions\/87069"}],"wp:featuredmedia":[{"embeddable":true,"href":"https:\/\/www.zero-yen-media.fr\/home2\/wp-json\/wp\/v2\/media\/87067"}],"wp:attachment":[{"href":"https:\/\/www.zero-yen-media.fr\/home2\/wp-json\/wp\/v2\/media?parent=61442"}],"wp:term":[{"taxonomy":"category","embeddable":true,"href":"https:\/\/www.zero-yen-media.fr\/home2\/wp-json\/wp\/v2\/categories?post=61442"},{"taxonomy":"post_tag","embeddable":true,"href":"https:\/\/www.zero-yen-media.fr\/home2\/wp-json\/wp\/v2\/tags?post=61442"}],"curies":[{"name":"wp","href":"https:\/\/api.w.org\/{rel}","templated":true}]}}