{"id":64541,"date":"2017-08-02T14:40:05","date_gmt":"2017-08-02T12:40:05","guid":{"rendered":"http:\/\/www.zero-yen-media.fr\/home\/?p=64541"},"modified":"2022-06-20T17:35:46","modified_gmt":"2022-06-20T15:35:46","slug":"la-master-class-de-zelda-japan-expo-disponible-en-ligne","status":"publish","type":"post","link":"https:\/\/www.zero-yen-media.fr\/home2\/2017\/08\/la-master-class-de-zelda-japan-expo-disponible-en-ligne.html","title":{"rendered":"La Master Class de Zelda (Japan Expo) disponible en ligne"},"content":{"rendered":"<p>Une partie de l\u2019\u00e9quipe en charge de la saga <em>The Legend of Zelda<\/em> est venue pr\u00e9senter une <em>Master Class<\/em> exceptionnelle \u00e0 <em>Japan Expo<\/em> et il est maintenant possible de la revoir en ligne.<!--more--><\/p>\n<p><img fetchpriority=\"high\" decoding=\"async\" class=\"aligncenter wp-image-64544\" src=\"http:\/\/www.zero-yen-media.fr\/home\/wp-content\/uploads\/2017\/08\/Master_Class_Zelda_01.jpg\" alt=\"\" width=\"700\" height=\"394\"><\/p>\n<p>La vid\u00e9o de cet \u00e9v\u00e9nement est dor\u00e9navant disponible sur <em>YouTube<\/em>. D&rsquo;une dur\u00e9e d&rsquo;environ 50 minutes, elle vous permettra de (re)vivre cette conf\u00e9rence qui s&rsquo;est d\u00e9roul\u00e9e sur la Grande Sc\u00e8ne <em>Ichigo<\/em>.<\/p>\n<p><em>Aonuma Eiji<\/em>, <em>Nakano&nbsp;Yusuke<\/em> et <em>Takizawa Satoru<\/em> ont d\u00e9voil\u00e9 quelques secrets sur la franchise mais ont aussi montr\u00e9 les premi\u00e8res images du prochain <em>DLC<\/em> de <em>The Legend of Zelda &#8211; Breath Of The Wild<\/em> en exclusivit\u00e9.<\/p>\n<p>Bon visionnage !<\/p>\n<p><iframe title=\"Master Class - The Art of the Legend of Zelda Series \u2013Japan Expo 2017\" width=\"788\" height=\"443\" src=\"https:\/\/www.youtube.com\/embed\/KyVOztt4vGE?feature=oembed\" frameborder=\"0\" allow=\"accelerometer; autoplay; clipboard-write; encrypted-media; gyroscope; picture-in-picture\" allowfullscreen><\/iframe><\/p>\n","protected":false},"excerpt":{"rendered":"<p>Une partie de l\u2019\u00e9quipe en charge de la saga The Legend of Zelda est venue pr\u00e9senter une Master Class exceptionnelle \u00e0 Japan Expo et il est maintenant possible de la revoir en ligne.<\/p>\n","protected":false},"author":1,"featured_media":86605,"comment_status":"open","ping_status":"open","sticky":false,"template":"","format":"standard","meta":{"ngg_post_thumbnail":0,"footnotes":""},"categories":[2,4,19,7,10],"tags":[22693,23468,25072,25611],"class_list":{"0":"post-64541","1":"post","2":"type-post","3":"status-publish","4":"format-standard","5":"has-post-thumbnail","7":"category-anime-cinema","8":"category-divers","9":"category-jeux-video-jeux-video-high-tech","10":"category-jeux-video-high-tech","11":"category-news","12":"tag-japan-expo","13":"tag-master-class","14":"tag-the-legend-of-zelda","15":"tag-zelda"},"_links":{"self":[{"href":"https:\/\/www.zero-yen-media.fr\/home2\/wp-json\/wp\/v2\/posts\/64541","targetHints":{"allow":["GET"]}}],"collection":[{"href":"https:\/\/www.zero-yen-media.fr\/home2\/wp-json\/wp\/v2\/posts"}],"about":[{"href":"https:\/\/www.zero-yen-media.fr\/home2\/wp-json\/wp\/v2\/types\/post"}],"author":[{"embeddable":true,"href":"https:\/\/www.zero-yen-media.fr\/home2\/wp-json\/wp\/v2\/users\/1"}],"replies":[{"embeddable":true,"href":"https:\/\/www.zero-yen-media.fr\/home2\/wp-json\/wp\/v2\/comments?post=64541"}],"version-history":[{"count":1,"href":"https:\/\/www.zero-yen-media.fr\/home2\/wp-json\/wp\/v2\/posts\/64541\/revisions"}],"predecessor-version":[{"id":86606,"href":"https:\/\/www.zero-yen-media.fr\/home2\/wp-json\/wp\/v2\/posts\/64541\/revisions\/86606"}],"wp:featuredmedia":[{"embeddable":true,"href":"https:\/\/www.zero-yen-media.fr\/home2\/wp-json\/wp\/v2\/media\/86605"}],"wp:attachment":[{"href":"https:\/\/www.zero-yen-media.fr\/home2\/wp-json\/wp\/v2\/media?parent=64541"}],"wp:term":[{"taxonomy":"category","embeddable":true,"href":"https:\/\/www.zero-yen-media.fr\/home2\/wp-json\/wp\/v2\/categories?post=64541"},{"taxonomy":"post_tag","embeddable":true,"href":"https:\/\/www.zero-yen-media.fr\/home2\/wp-json\/wp\/v2\/tags?post=64541"}],"curies":[{"name":"wp","href":"https:\/\/api.w.org\/{rel}","templated":true}]}}