{"id":6479,"date":"2012-03-12T08:04:00","date_gmt":"2012-03-12T07:04:00","guid":{"rendered":"http:\/\/www.zero-yen-media.fr\/home\/?p=6479"},"modified":"2012-03-12T08:04:00","modified_gmt":"2012-03-12T07:04:00","slug":"lhommage-de-la-tokyo-sky-tree","status":"publish","type":"post","link":"https:\/\/www.zero-yen-media.fr\/home2\/2012\/03\/lhommage-de-la-tokyo-sky-tree.html","title":{"rendered":"L&rsquo;hommage de la \u00ab\u00a0T\u00f4ky\u00f4 Sky Tree\u00a0\u00bb"},"content":{"rendered":"<p>La nouvelle plus haute tour du Japon s&rsquo;est drap\u00e9e de blanc pour rendre hommage aux victimes.<!--more--><\/p>\n<p><object width=\"593\" height=\"396\" classid=\"clsid:d27cdb6e-ae6d-11cf-96b8-444553540000\" codebase=\"http:\/\/download.macromedia.com\/pub\/shockwave\/cabs\/flash\/swflash.cab#version=6,0,40,0\"><param name=\"allowFullScreen\" value=\"true\" \/><param name=\"allowScriptAccess\" value=\"always\" \/><param name=\"src\" value=\"http:\/\/www.youtube.com\/v\/EXiVkEw-oVg?version=3&amp;feature=player_embedded\" \/><param name=\"allowfullscreen\" value=\"true\" \/><param name=\"allowscriptaccess\" value=\"always\" \/><embed width=\"593\" height=\"396\" type=\"application\/x-shockwave-flash\" src=\"http:\/\/www.youtube.com\/v\/EXiVkEw-oVg?version=3&amp;feature=player_embedded\" allowfullscreen=\"allowfullscreen\" allowscriptaccess=\"always\" allowfullscreen=\"allowfullscreen\" allowscriptaccess=\"always\" \/><\/object><\/p>\n<p>La \u00ab\u00a0T\u00f4ky\u00f4 Sky Tree\u00a0\u00bb, r\u00e9cemment achev\u00e9e, est normalement illumin\u00e9e, la nuit,\u00a0 par 1995 lumi\u00e8res multicolores. Les 10 et 11 mars derniers, la tour de 634 m\u00e8tres de haut \u00e9tait \u00e9clair\u00e9e seulement par 444 lumi\u00e8res blanches pour marquer le 67\u00e8me anniversaire du bombardement de T\u00f4ky\u00f4 durant la seconde guerre mondiale et le 1er anniversaire de la catastrophe caus\u00e9e par le tremblement de terre du Nord-Est du Japon.<\/p>\n<p>&nbsp;<\/p>\n<p>&nbsp;<\/p>\n<p>Source : Animenewsnetwork<\/p>\n","protected":false},"excerpt":{"rendered":"<p>La nouvelle plus haute tour du Japon s&rsquo;est drap\u00e9e de blanc pour rendre hommage aux victimes.<\/p>\n","protected":false},"author":1,"featured_media":6490,"comment_status":"open","ping_status":"open","sticky":false,"template":"","format":"standard","meta":{"ngg_post_thumbnail":0,"footnotes":""},"categories":[2,4,10],"tags":[22525,23333,25169],"class_list":{"0":"post-6479","1":"post","2":"type-post","3":"status-publish","4":"format-standard","5":"has-post-thumbnail","7":"category-anime-cinema","8":"category-divers","9":"category-news","10":"tag-hommage","11":"tag-lumieres","12":"tag-tokyo-sky-tree"},"_links":{"self":[{"href":"https:\/\/www.zero-yen-media.fr\/home2\/wp-json\/wp\/v2\/posts\/6479","targetHints":{"allow":["GET"]}}],"collection":[{"href":"https:\/\/www.zero-yen-media.fr\/home2\/wp-json\/wp\/v2\/posts"}],"about":[{"href":"https:\/\/www.zero-yen-media.fr\/home2\/wp-json\/wp\/v2\/types\/post"}],"author":[{"embeddable":true,"href":"https:\/\/www.zero-yen-media.fr\/home2\/wp-json\/wp\/v2\/users\/1"}],"replies":[{"embeddable":true,"href":"https:\/\/www.zero-yen-media.fr\/home2\/wp-json\/wp\/v2\/comments?post=6479"}],"version-history":[{"count":0,"href":"https:\/\/www.zero-yen-media.fr\/home2\/wp-json\/wp\/v2\/posts\/6479\/revisions"}],"wp:featuredmedia":[{"embeddable":true,"href":"https:\/\/www.zero-yen-media.fr\/home2\/wp-json\/"}],"wp:attachment":[{"href":"https:\/\/www.zero-yen-media.fr\/home2\/wp-json\/wp\/v2\/media?parent=6479"}],"wp:term":[{"taxonomy":"category","embeddable":true,"href":"https:\/\/www.zero-yen-media.fr\/home2\/wp-json\/wp\/v2\/categories?post=6479"},{"taxonomy":"post_tag","embeddable":true,"href":"https:\/\/www.zero-yen-media.fr\/home2\/wp-json\/wp\/v2\/tags?post=6479"}],"curies":[{"name":"wp","href":"https:\/\/api.w.org\/{rel}","templated":true}]}}