{"id":65667,"date":"2018-02-18T21:49:56","date_gmt":"2018-02-18T20:49:56","guid":{"rendered":"http:\/\/www.zero-yen-media.fr\/home\/?p=65667"},"modified":"2018-02-18T21:49:56","modified_gmt":"2018-02-18T20:49:56","slug":"mary-et-la-fleur-de-la-sorciere-%e3%83%a1%e3%82%a2%e3%83%aa%e3%81%a8%e9%ad%94%e5%a5%b3%e3%81%ae%e8%8a%b1-bientot-au-cinema","status":"publish","type":"post","link":"https:\/\/www.zero-yen-media.fr\/home2\/2018\/02\/mary-et-la-fleur-de-la-sorciere-%e3%83%a1%e3%82%a2%e3%83%aa%e3%81%a8%e9%ad%94%e5%a5%b3%e3%81%ae%e8%8a%b1-bientot-au-cinema.html","title":{"rendered":"\u00ab\u00a0Mary et la fleur de la sorci\u00e8re (\u30e1\u30a2\u30ea\u3068\u9b54\u5973\u306e\u82b1)\u00a0\u00bb bient\u00f4t au cin\u00e9ma"},"content":{"rendered":"<p>Le grand \u00e9cran fran\u00e7ais va de nouveau accueillir un long-m\u00e9trage d&rsquo;animation japonais ce mois-ci : <em>Mary et la fleur de la sorci\u00e8re<\/em>.<!--more--><\/p>\n<p><img fetchpriority=\"high\" decoding=\"async\" class=\"aligncenter wp-image-65710\" src=\"http:\/\/www.zero-yen-media.fr\/home\/wp-content\/uploads\/2018\/02\/Mary_et_la_fleur_de_la_sorciere_01.png\" alt=\"\" width=\"700\" height=\"470\" srcset=\"https:\/\/www.zero-yen-media.fr\/home2\/wp-content\/uploads\/2018\/02\/Mary_et_la_fleur_de_la_sorciere_01.png 1723w, https:\/\/www.zero-yen-media.fr\/home2\/wp-content\/uploads\/2018\/02\/Mary_et_la_fleur_de_la_sorciere_01-300x202.png 300w, https:\/\/www.zero-yen-media.fr\/home2\/wp-content\/uploads\/2018\/02\/Mary_et_la_fleur_de_la_sorciere_01-1024x688.png 1024w, https:\/\/www.zero-yen-media.fr\/home2\/wp-content\/uploads\/2018\/02\/Mary_et_la_fleur_de_la_sorciere_01-768x516.png 768w, https:\/\/www.zero-yen-media.fr\/home2\/wp-content\/uploads\/2018\/02\/Mary_et_la_fleur_de_la_sorciere_01-1536x1032.png 1536w, https:\/\/www.zero-yen-media.fr\/home2\/wp-content\/uploads\/2018\/02\/Mary_et_la_fleur_de_la_sorciere_01-134x90.png 134w, https:\/\/www.zero-yen-media.fr\/home2\/wp-content\/uploads\/2018\/02\/Mary_et_la_fleur_de_la_sorciere_01-600x403.png 600w, https:\/\/www.zero-yen-media.fr\/home2\/wp-content\/uploads\/2018\/02\/Mary_et_la_fleur_de_la_sorciere_01-500x336.png 500w\" sizes=\"(max-width: 700px) 100vw, 700px\" \/><\/p>\n<p>Distribu\u00e9 en <em>France<\/em> par <em>Diaphana<\/em>, <em>Mary et la Fleur de la sorci\u00e8re (\u30e1\u30a2\u30ea\u3068\u9b54\u5973\u306e\u82b1, Mary to Majo no Hana<\/em> au <em>Japon<\/em>) d\u00e9barquera dans les salles obscures de l&rsquo;hexagone le mercredi 21 f\u00e9vrier 2018. Il devrait \u00eatre projet\u00e9 en VOST et en VF, selon les cin\u00e9mas. Il \u00e9tait grand temps que ce dernier arrive chez nous car il est sorti sur l&rsquo;archipel le 8 juillet 2017.<\/p>\n<p>Ce film d&rsquo;animation est produit par le <em>Studio Ponoc<\/em>, fond\u00e9 par d&rsquo;anciens membres du mythique <em>Studio Ghibli<\/em>. Si le design vous para\u00eet familier, c&rsquo;est que leur patte est bien reconnaissable dans le <em>chara design<\/em> des personnages et l&rsquo;ambiance g\u00e9n\u00e9rale qui se d\u00e9gage du long-m\u00e9trage. Notons que le sc\u00e9nario est inspir\u00e9 du roman <em>The Little Broomstick<\/em> de l\u2019\u00e9crivaine britannique <em>Mary Stewart<\/em>, sorti en 1971 et qui n&rsquo;est jamais parvenu sous nos latitudes.<\/p>\n<p><a href=\"http:\/\/www.zero-yen-media.fr\/home\/wp-content\/uploads\/2018\/02\/Mary_et_la_fleur_de_la_sorciere_affiche_FR.jpg\"><img decoding=\"async\" class=\"alignnone wp-image-65713 size-medium\" src=\"http:\/\/www.zero-yen-media.fr\/home\/wp-content\/uploads\/2018\/02\/Mary_et_la_fleur_de_la_sorciere_affiche_FR-221x300.jpg\" alt=\"\" width=\"221\" height=\"300\" srcset=\"https:\/\/www.zero-yen-media.fr\/home2\/wp-content\/uploads\/2018\/02\/Mary_et_la_fleur_de_la_sorciere_affiche_FR-221x300.jpg 221w, https:\/\/www.zero-yen-media.fr\/home2\/wp-content\/uploads\/2018\/02\/Mary_et_la_fleur_de_la_sorciere_affiche_FR-754x1024.jpg 754w, https:\/\/www.zero-yen-media.fr\/home2\/wp-content\/uploads\/2018\/02\/Mary_et_la_fleur_de_la_sorciere_affiche_FR-768x1043.jpg 768w, https:\/\/www.zero-yen-media.fr\/home2\/wp-content\/uploads\/2018\/02\/Mary_et_la_fleur_de_la_sorciere_affiche_FR-1131x1536.jpg 1131w, https:\/\/www.zero-yen-media.fr\/home2\/wp-content\/uploads\/2018\/02\/Mary_et_la_fleur_de_la_sorciere_affiche_FR-66x90.jpg 66w, https:\/\/www.zero-yen-media.fr\/home2\/wp-content\/uploads\/2018\/02\/Mary_et_la_fleur_de_la_sorciere_affiche_FR-442x600.jpg 442w, https:\/\/www.zero-yen-media.fr\/home2\/wp-content\/uploads\/2018\/02\/Mary_et_la_fleur_de_la_sorciere_affiche_FR-368x500.jpg 368w, https:\/\/www.zero-yen-media.fr\/home2\/wp-content\/uploads\/2018\/02\/Mary_et_la_fleur_de_la_sorciere_affiche_FR.jpg 1200w\" sizes=\"(max-width: 221px) 100vw, 221px\" \/><\/a><\/p>\n<p><strong>Synopsis<\/strong><\/p>\n<p><em>C&rsquo;est l&rsquo;\u00e9t\u00e9. Mary vient d\u2019emm\u00e9nager chez sa grande-m\u00e8re dans le village de Redmanor. Dans la for\u00eat voisine, elle d\u00e9couvre une fleur myst\u00e9rieuse qui ne fleurit qu&rsquo;une fois tous les 7 ans. On l&rsquo;appelle la \u00ab\u00a0fleur de la sorci\u00e8re\u00a0\u00bb. Pour une nuit seulement, gr\u00e2ce \u00e0 la fleur, Mary poss\u00e8dera des pouvoirs magiques et pourra entrer \u00e0 Endor, l\u2019\u00e9cole la plus renomm\u00e9e dans le monde de la magie, qui s&rsquo;\u00e9l\u00e8ve au-dessus du ciel, au-del\u00e0 des nuages. Le secret de la fleur de la sorci\u00e8re se r\u00e9v\u00e9lera \u00e0 elle petit \u00e0 petit\u2026<\/em><\/p>\n<p>D\u00e9couvrez ci-dessous la bande-annonce en VOST et VF et rendez-vous sur le grand \u00e9cran d\u00e8s mercredi prochain.<\/p>\n<p><iframe title=\"Mary et la fleur de la sorci\u00e8re - bande annonce finale VOSTFR\" width=\"788\" height=\"443\" src=\"https:\/\/www.youtube.com\/embed\/E5CURmdVtF0?feature=oembed\" frameborder=\"0\" allow=\"accelerometer; autoplay; clipboard-write; encrypted-media; gyroscope; picture-in-picture\" allowfullscreen><\/iframe><\/p>\n<p><iframe title=\"MARY ET LA FLEUR DE LA SORCI\u00c8RE - Bande annonce\" width=\"788\" height=\"591\" src=\"https:\/\/www.youtube.com\/embed\/RUVn2f67mEg?feature=oembed\" frameborder=\"0\" allow=\"accelerometer; autoplay; clipboard-write; encrypted-media; gyroscope; picture-in-picture\" allowfullscreen><\/iframe><\/p>\n","protected":false},"excerpt":{"rendered":"<p>Le grand \u00e9cran fran\u00e7ais va de nouveau accueillir un long-m\u00e9trage d&rsquo;animation japonais ce mois-ci : Mary et la fleur de la sorci\u00e8re.<\/p>\n","protected":false},"author":1,"featured_media":65712,"comment_status":"open","ping_status":"open","sticky":false,"template":"","format":"standard","meta":{"ngg_post_thumbnail":0,"footnotes":""},"categories":[15,2,3,10],"tags":[21583,23448,23450,24839,24843,25780],"class_list":{"0":"post-65667","1":"post","2":"type-post","3":"status-publish","4":"format-standard","5":"has-post-thumbnail","7":"category-anime-anime-cinema","8":"category-anime-cinema","9":"category-cinema-anime-cinema","10":"category-news","11":"tag-cinema-2","12":"tag-mary-and-the-witchs-flower","13":"tag-mary-et-la-fleur-de-la-sorciere","14":"tag-studio-ghibli","15":"tag-studio-ponoc","16":"tag-25780"},"_links":{"self":[{"href":"https:\/\/www.zero-yen-media.fr\/home2\/wp-json\/wp\/v2\/posts\/65667","targetHints":{"allow":["GET"]}}],"collection":[{"href":"https:\/\/www.zero-yen-media.fr\/home2\/wp-json\/wp\/v2\/posts"}],"about":[{"href":"https:\/\/www.zero-yen-media.fr\/home2\/wp-json\/wp\/v2\/types\/post"}],"author":[{"embeddable":true,"href":"https:\/\/www.zero-yen-media.fr\/home2\/wp-json\/wp\/v2\/users\/1"}],"replies":[{"embeddable":true,"href":"https:\/\/www.zero-yen-media.fr\/home2\/wp-json\/wp\/v2\/comments?post=65667"}],"version-history":[{"count":0,"href":"https:\/\/www.zero-yen-media.fr\/home2\/wp-json\/wp\/v2\/posts\/65667\/revisions"}],"wp:featuredmedia":[{"embeddable":true,"href":"https:\/\/www.zero-yen-media.fr\/home2\/wp-json\/wp\/v2\/media\/65712"}],"wp:attachment":[{"href":"https:\/\/www.zero-yen-media.fr\/home2\/wp-json\/wp\/v2\/media?parent=65667"}],"wp:term":[{"taxonomy":"category","embeddable":true,"href":"https:\/\/www.zero-yen-media.fr\/home2\/wp-json\/wp\/v2\/categories?post=65667"},{"taxonomy":"post_tag","embeddable":true,"href":"https:\/\/www.zero-yen-media.fr\/home2\/wp-json\/wp\/v2\/tags?post=65667"}],"curies":[{"name":"wp","href":"https:\/\/api.w.org\/{rel}","templated":true}]}}