{"id":66459,"date":"2018-06-12T16:57:09","date_gmt":"2018-06-12T14:57:09","guid":{"rendered":"http:\/\/www.zero-yen-media.fr\/home\/?p=66459"},"modified":"2022-06-17T12:20:14","modified_gmt":"2022-06-17T10:20:14","slug":"okko-et-les-fantomes-en-selection-officielle-au-festival-dannecy-2018","status":"publish","type":"post","link":"https:\/\/www.zero-yen-media.fr\/home2\/2018\/06\/okko-et-les-fantomes-en-selection-officielle-au-festival-dannecy-2018.html","title":{"rendered":"\u00ab\u00a0OKKO et les fant\u00f4mes\u00a0\u00bb en s\u00e9lection officielle au Festival d&rsquo;Annecy 2018"},"content":{"rendered":"<p>Le long-m\u00e9trage d&rsquo;animation japonaise&nbsp;<em>OKKO<\/em> et les fant\u00f4mes est en comp\u00e9tition du <em>Festival d&rsquo;Animation d&rsquo;Annecy<\/em>.<!--more--><\/p>\n<p><img fetchpriority=\"high\" decoding=\"async\" class=\"aligncenter wp-image-66485\" src=\"http:\/\/www.zero-yen-media.fr\/home\/wp-content\/uploads\/2018\/06\/Wakaokami_wa_Shougakusei_01.jpg\" alt=\"\" width=\"700\" height=\"394\"><\/p>\n<p>Ce c\u00e9l\u00e8bre festival annuel a ouvert ses portes hier (le 11 juin) et se poursuivra jusqu&rsquo;au samedi 16 juin. Sign\u00e9 <em>K\u014dsaka Kitar\u014d<\/em> dont c&rsquo;est la premi\u00e8re r\u00e9alisation, le film <em>OKKO et les fant\u00f4mes (\u5287\u5834\u7248 \u82e5\u304a\u304b\u307f\u306f\u5c0f\u5b66\u751f! Movie, Wakaokami wa Shougakusei! Movie)<\/em> y est pr\u00e9sent\u00e9 en s\u00e9lection officielle. Il est produit par <em>DLE<\/em> et <em>MADHOUSE<\/em> (<em>Paprika, La travers\u00e9e du temps, Summer wars, Piano Forest<\/em>, etc.).<\/p>\n<p>Monsieur <em>K\u014dsaka<\/em> a travaill\u00e9 au sein du <em>Studio Ghibli<\/em> de 1984 \u00e0 2013 : il a \u0153uvr\u00e9 notamment en tant qu&rsquo;animateur cl\u00e9 de <em>Nausicaa<\/em> puis <em>Le Ch\u00e2teau dans le ciel<\/em> (1986), <em>Le Tombeau des lucioles<\/em> (1988) et <em>Pompoko<\/em> (1994). Ses premi\u00e8res collaborations avec <em>Miyazaki Hayao<\/em> et <em>Takahata Isao<\/em> lui permettent d&rsquo;\u00e9voluer au sein du studio. Il devient alors co-responsable de l&rsquo;animation pour <em>Princesse Mononok\u00e9<\/em> (1997), <em>Le Voyage de Chihiro<\/em> (2001), <em>Le Ch\u00e2teau ambulant<\/em> (2004), <em>Ponyo sur la falaise<\/em> (2008) et <em>La Colline aux coquelicots<\/em> (2011). Il devient enfin directeur de l&rsquo;animation pour l&rsquo;ultime chef-d\u2019\u0153uvre de <em>Miyazaki<\/em>, <em>Le vent se l\u00e8ve<\/em>, sorti en 2013.<\/p>\n<p>Bonne nouvelle, <em>OKKO et les fant\u00f4mes<\/em> sortira en salles en <em>France<\/em> le 12 septembre et sera distribu\u00e9 chez nous par <em>Eurozoom<\/em>.<\/p>\n<p><strong>Synopsis<\/strong><br \/>\n<em>Seki Oriko, dite OKKO, est une petite fille formidable et pleine de vie. Sa grand-m\u00e8re qui tient l&rsquo;auberge familiale la destine \u00e0 prendre le relai. Entre l&rsquo;\u00e9cole et son travail \u00e0 l&rsquo;auberge aux cot\u00e9s de sa mamie, la jeune Okko apprend \u00e0 grandir, aid\u00e9e par d&rsquo;\u00e9tranges rencontres de fant\u00f4mes et autres cr\u00e9atures myst\u00e9rieuses !<\/em><\/p>\n<p><iframe title=\"OKKO ET LES FANTOMES - Teaser - Au cin\u00e9ma le 12 septembre\" width=\"788\" height=\"443\" src=\"https:\/\/www.youtube.com\/embed\/7NuYfbgSBjY?feature=oembed\" frameborder=\"0\" allow=\"accelerometer; autoplay; clipboard-write; encrypted-media; gyroscope; picture-in-picture\" allowfullscreen><\/iframe><\/p>\n<p>Source : Eurozoom<\/p>\n","protected":false},"excerpt":{"rendered":"<p>Le long-m\u00e9trage d&rsquo;animation japonaise&nbsp;OKKO et les fant\u00f4mes est en comp\u00e9tition du Festival d&rsquo;Animation d&rsquo;Annecy.<\/p>\n","protected":false},"author":1,"featured_media":86340,"comment_status":"open","ping_status":"open","sticky":false,"template":"","format":"standard","meta":{"ngg_post_thumbnail":0,"footnotes":""},"categories":[15,2,10],"tags":[21098,22023,22115,23920,25411,25822],"class_list":{"0":"post-66459","1":"post","2":"type-post","3":"status-publish","4":"format-standard","5":"has-post-thumbnail","7":"category-anime-anime-cinema","8":"category-anime-cinema","9":"category-news","10":"tag-animation","11":"tag-eurozoom","12":"tag-film","13":"tag-okko-et-les-fantomes","14":"tag-wakaokami-wa-shougakusei","15":"tag-25822"},"_links":{"self":[{"href":"https:\/\/www.zero-yen-media.fr\/home2\/wp-json\/wp\/v2\/posts\/66459","targetHints":{"allow":["GET"]}}],"collection":[{"href":"https:\/\/www.zero-yen-media.fr\/home2\/wp-json\/wp\/v2\/posts"}],"about":[{"href":"https:\/\/www.zero-yen-media.fr\/home2\/wp-json\/wp\/v2\/types\/post"}],"author":[{"embeddable":true,"href":"https:\/\/www.zero-yen-media.fr\/home2\/wp-json\/wp\/v2\/users\/1"}],"replies":[{"embeddable":true,"href":"https:\/\/www.zero-yen-media.fr\/home2\/wp-json\/wp\/v2\/comments?post=66459"}],"version-history":[{"count":1,"href":"https:\/\/www.zero-yen-media.fr\/home2\/wp-json\/wp\/v2\/posts\/66459\/revisions"}],"predecessor-version":[{"id":86341,"href":"https:\/\/www.zero-yen-media.fr\/home2\/wp-json\/wp\/v2\/posts\/66459\/revisions\/86341"}],"wp:featuredmedia":[{"embeddable":true,"href":"https:\/\/www.zero-yen-media.fr\/home2\/wp-json\/wp\/v2\/media\/86340"}],"wp:attachment":[{"href":"https:\/\/www.zero-yen-media.fr\/home2\/wp-json\/wp\/v2\/media?parent=66459"}],"wp:term":[{"taxonomy":"category","embeddable":true,"href":"https:\/\/www.zero-yen-media.fr\/home2\/wp-json\/wp\/v2\/categories?post=66459"},{"taxonomy":"post_tag","embeddable":true,"href":"https:\/\/www.zero-yen-media.fr\/home2\/wp-json\/wp\/v2\/tags?post=66459"}],"curies":[{"name":"wp","href":"https:\/\/api.w.org\/{rel}","templated":true}]}}