{"id":66695,"date":"2018-08-13T21:07:27","date_gmt":"2018-08-13T19:07:27","guid":{"rendered":"https:\/\/www.zero-yen-media.fr\/home\/?p=66695"},"modified":"2018-08-13T21:07:27","modified_gmt":"2018-08-13T19:07:27","slug":"interview-luv-k-raft","status":"publish","type":"post","link":"https:\/\/www.zero-yen-media.fr\/home2\/2018\/08\/interview-luv-k-raft.html","title":{"rendered":"Interview : LUV K RAFT"},"content":{"rendered":"<p>\u00c0 l&rsquo;occasion de la derni\u00e8re <em>Japan Expo<\/em> \u00e0 <em>Paris<\/em>, nous avons pu nous entretenir avec le groupe <em>LUV K RAFT<\/em>.<!--more--><\/p>\n<p><img fetchpriority=\"high\" decoding=\"async\" class=\"aligncenter size-full wp-image-66939\" src=\"https:\/\/www.zero-yen-media.fr\/home2\/wp-content\/uploads\/2018\/08\/LUV_K_RAFT_JE_2018_OK.jpg\" alt=\"\" width=\"700\" height=\"578\"><\/p>\n<p>C&rsquo;est quelques heures avant leur deuxi\u00e8me <em>showcase<\/em> \u00e0 <em>Japan Expo<\/em> que nous avons rencontr\u00e9 <em>LUV K RAFT<\/em>, une formation sympathique avec qui nous avons pass\u00e9 un bon moment. Voici le compte-rendu de notre interview.<\/p>\n<p><strong><span style=\"color: #ff0000;\">Zero Yen (ZY) :<\/span> Bonjour <em>LUV K RAFT<\/em>, pourriez-vous vous pr\u00e9senter \u00e0 nos lecteurs s&rsquo;il vous pla\u00eet ?<\/strong><\/p>\n<p><span style=\"color: #ff6600;\"><strong>Karen :<\/strong><\/span> Bonjour, nous sommes le groupe <em>LUV K RAFT<\/em>. Je suis <em>Karen<\/em> et je suis la chanteuse.<\/p>\n<p><span style=\"color: #339966;\"><strong>Mishu :<\/strong><\/span> Je m&rsquo;appelle <em>Mishu<\/em> et je suis \u00e9galement au chant mais je m&rsquo;occupe aussi de nos costumes.<\/p>\n<p><span style=\"color: #3366ff;\"><strong>Kazya :<\/strong><\/span> Je suis <em>Kazya<\/em> et je m&rsquo;occupe des percussions.<\/p>\n<p><span style=\"color: #800080;\"><strong>Kitano :<\/strong><\/span> Je m&rsquo;appelle <em>Kitano<\/em> et je suis \u00e0 la guitare.<\/p>\n<p><strong><span style=\"color: #ff0000;\">ZY :<\/span> Pouvez-vous nous dire comment est n\u00e9 le groupe ?<\/strong><\/p>\n<p><span style=\"color: #ff6600;\"><strong>LUV K RAFT<\/strong> :<\/span> Nous faisions tous partie de groupes diff\u00e9rents auparavant mais nous avons arr\u00eat\u00e9 pour des raisons personnelles. Nous nous sommes tous retrouv\u00e9s \u00e0 <em>Osaka<\/em> et nous avons d\u00e9cid\u00e9 de monter un groupe ensemble.<\/p>\n<p><strong><span style=\"color: #ff0000;\">ZY :<\/span> Donc vous \u00eates tous originaires d&rsquo;<em>Osaka<\/em> ?<\/strong><\/p>\n<p><span style=\"color: #ff6600;\"><strong>LUV K RAFT<\/strong> :<\/span> Non, seulement une partie d&rsquo;entre nous vient de la pr\u00e9fecture d&rsquo;<em>Osaka<\/em>.<\/p>\n<p><img decoding=\"async\" class=\"aligncenter wp-image-66916\" src=\"https:\/\/www.zero-yen-media.fr\/home2\/wp-content\/uploads\/2018\/08\/LUVKRAFT_01.jpg\" alt=\"\" width=\"700\" height=\"525\"><\/p>\n<p><strong><span style=\"color: #ff0000;\">ZY :<\/span> Pourquoi avoir choisi ce nom ?<\/strong><\/p>\n<p><span style=\"color: #ff6600;\"><strong>LUV K RAFT<\/strong> :<\/span> Le nom vient de l\u2019\u00e9crivain am\u00e9ricain <em>H. P. Lovecraft<\/em>. Nous trouvions son nom int\u00e9ressant car il y avait un contraste entre son nom et le mot \u00ab\u00a0love\u00a0\u00bb <em>(note de Ghis : amour en anglais)<\/em> alors qu&rsquo;il est auteur de romans d&rsquo;horreur. Donc avec <em>LUV K RAFT<\/em>, nous voulons parfois faire de la musique \u00ab\u00a0mignonne\u00a0\u00bb (<em>kawaii<\/em>) mais \u00e9voquer des choses plus cyniques ou <em>dark<\/em> dans nos paroles.<\/p>\n<p><strong><span style=\"color: #ff0000;\">ZY :<\/span> Comment d\u00e9cririez-vous votre style de musique ?<\/strong><\/p>\n<p><span style=\"color: #ff6600;\"><strong>LUV K RAFT :<\/strong><\/span> La base de notre musique est la musique des ann\u00e9es 1980.<\/p>\n<p><strong><span style=\"color: #ff0000;\">ZY :<\/span> Quelles sont vos influences et\/ou vos artistes favoris ?<\/strong><\/p>\n<p><span style=\"color: #ff6600;\"><strong>LUV K RAFT :<\/strong><\/span> Nous aimons vraiment toute la musique des ann\u00e9es 1980 comme <em>Madonna<\/em>, <em>Duran Duran<\/em>, <em>The Police<\/em>, etc. Nous souhaitions utiliser les bons c\u00f4t\u00e9s populaires de cette musique dans la n\u00f4tre.<\/p>\n<p><strong><span style=\"color: #ff0000;\">ZY :<\/span> Jusqu&rsquo;\u00e0 pr\u00e9sent, vous avez sorti un single (<em>Imitation Gold<\/em>) et un mini-album (<em>ROCK A TRONICA<\/em>). Avez-vous \u00e9crit les paroles vous-m\u00eames<\/strong> ?<\/p>\n<p><span style=\"color: #ff6600;\"><strong>LUV K RAFT :<\/strong><\/span> Oui, tout \u00e0 fait.<\/p>\n<p><strong><span style=\"color: #ff0000;\">ZY :<\/span> Est-ce que vous \u00e9crivez \u00e0 plusieurs ?<\/strong><\/p>\n<p><span style=\"color: #ff6600;\"><strong>Karen :<\/strong><\/span> J\u2019\u00e9cris les paroles toute seule.<\/p>\n<p><img decoding=\"async\" class=\"aligncenter wp-image-66918\" src=\"https:\/\/www.zero-yen-media.fr\/home2\/wp-content\/uploads\/2018\/08\/LUVKRAFT_03.jpg\" alt=\"\" width=\"700\" height=\"525\"><\/p>\n<p><strong><span style=\"color: #ff0000;\">ZY :<\/span> Le titre <em>THE CITY ON BLACK<\/em> est un int\u00e9ressant m\u00e9lange de pop\/rock et d&rsquo;\u00e9lectro. Je serais curieux de savoir de quoi parle la chanson.<\/strong><\/p>\n<p><strong><span style=\"color: #ff6600;\">Karen :<\/span><\/strong> Lorsque j&rsquo;ai \u00e9crit cette chanson, beaucoup de gens avaient pris contact avec nous pour que nous fassions de la musique ensemble. Mais parfois nous faisions des choses diff\u00e9rentes ou qui ne correspondaient pas forc\u00e9ment et ces collaborations n&rsquo;aboutissaient pas. L&rsquo;image v\u00e9hicul\u00e9e par ce morceau est \u00ab\u00a0on en a marre des adultes\u00a0\u00bb (rires). C&rsquo;est de cette fa\u00e7on qu&rsquo;est n\u00e9e <em>THE CITY ON BLACK<\/em>.<strong><br \/>\n<\/strong><\/p>\n<p><strong><span style=\"color: #ff0000;\">ZY :<\/span> J\u2019ai bien aim\u00e9 le petit personnage dans le clip de <em>Present (\u30d7\u30ec\u30bc\u30f3\u30c8)<\/em>. Comment vous est venue l&rsquo;id\u00e9e de sa cr\u00e9ation ?<br \/>\n<\/strong><\/p>\n<p><span style=\"color: #ff6600;\"><strong>Karen : <\/strong><\/span>Ce personnage est un personnage que j&rsquo;aimais bien dessiner lorsque j\u2019\u00e9tais \u00e0 l\u2019\u00e9cole primaire. Les autres membres du groupe ont trouv\u00e9 qu&rsquo;il \u00e9tait mignon et qu&rsquo;il collait bien avec le th\u00e8me de la chanson. On a donc d\u00e9cid\u00e9 de l\u2019int\u00e9grer \u00e0 notre clip.<\/p>\n<p><strong><span style=\"color: #ff0000;\">ZY :<\/span> A-t-il un nom ?<\/strong><\/p>\n<p><span style=\"color: #ff6600;\"><strong>Karen :<\/strong><\/span> Oui, il s&rsquo;appelle <em>Heart-kun (\u30cf\u30fc\u30c8\u304f\u3093)<\/em>. <em>(note de Ghis : Heart signifie c\u0153ur en anglais)<\/em><\/p>\n<p><strong><span style=\"color: #ff0000;\">ZY :<\/span> D\u2019ailleurs, ce morceau est \u00e9galement sorti en cassette audio au <em>Japon<\/em> ! J\u2019aime bien cette id\u00e9e <em>old school<\/em> mais pourquoi ?!<\/strong><\/p>\n<p><span style=\"color: #ff6600;\"><strong>LUV K RAFT :<\/strong><\/span> Encore une fois, \u00e7a vient de notre influence des ann\u00e9es 1980. Le sortir en CD, on trouvait que \u00e7a faisait un peu trop num\u00e9rique \u00e0 notre go\u00fbt. En cassette audio, \u00e7a donne un c\u00f4t\u00e9 plus organique au morceau.<strong><br \/>\n<\/strong><\/p>\n<p><strong><span style=\"color: #ff0000;\">ZY :<\/span> Et une sortie en vinyle peut-\u00eatre ?!<\/strong><\/p>\n<p><span style=\"color: #ff6600;\"><strong>LUV K RAFT :<\/strong><\/span> Oh oui, \u00e7a nous plairait bien !<\/p>\n<p><iframe title=\"\u3010\u79d8\u5bc6\u306e\u30b1\u30f3\u30df\u30f3SHOW \u30a8\u30f3\u30c7\u30a3\u30f3\u30b0\u30c6\u30fc\u30de\u3011\u30d7\u30ec\u30bc\u30f3\u30c8 \/ LUV K RAFT\" width=\"788\" height=\"443\" src=\"https:\/\/www.youtube.com\/embed\/dYoadDX3HeI?feature=oembed\" frameborder=\"0\" allow=\"accelerometer; autoplay; clipboard-write; encrypted-media; gyroscope; picture-in-picture\" allowfullscreen><\/iframe><\/p>\n<p><strong><span style=\"color: #ff0000;\">ZY :<\/span> Apr\u00e8s ce mini-album, est-ce qu\u2019un album complet est en cours d&rsquo;\u00e9criture ?<\/strong><\/p>\n<p><span style=\"color: #ff6600;\"><strong>LUV K RAFT : <\/strong><\/span>Un second mini-album va sortir au d\u00e9but du mois d\u2019ao\u00fbt. Il s&rsquo;intitule <em>Luv It<\/em> et il y aura 8 chansons dessus. <em> (note de Ghis : disponible depuis le 1er ao\u00fbt \u00e0 l&rsquo;heure o\u00f9 nous \u00e9crivons ces lignes)<\/em><strong><br \/>\n<\/strong><\/p>\n<p><strong><span style=\"color: #ff0000;\">ZY :<\/span> Est-ce la premi\u00e8re fois que vous venez en <em>France<\/em> ?<\/strong><\/p>\n<p><span style=\"color: #ff6600;\"><strong>LUV K RAFT : <\/strong><\/span>Oui, c&rsquo;est notre premi\u00e8re fois ici !<\/p>\n<p><strong><span style=\"color: #ff0000;\">ZY :<\/span> Avez-vous eu le temps de visiter un peu ?<br \/>\n<\/strong><\/p>\n<p><span style=\"color: #ff6600;\"><strong>LUV K RAFT : <\/strong><\/span>Oui, le premier jour o\u00f9 nous sommes arriv\u00e9s. Mais on n&rsquo;a pas pu aller au <em>Mus\u00e9e du Louvre<\/em>.<strong><br \/>\n<\/strong><\/p>\n<p><strong><span style=\"color: #ff0000;\">ZY :<\/span> Qu&rsquo;est-ce que vous avez aim\u00e9 dans ce que vous avez pu voir ?<\/strong><\/p>\n<p><span style=\"color: #ff6600;\"><strong>LUV K RAFT :<\/strong><\/span> Nous n&rsquo;avons pu visiter que <em>Paris<\/em> mais nous avons vraiment beaucoup appr\u00e9ci\u00e9 la ville. D&rsquo;ailleurs, nous y avons tourn\u00e9 quelques vid\u00e9os pour notre deuxi\u00e8me mini-album <em>Luv It<\/em>.<\/p>\n<p><strong><span style=\"color: #ff0000;\">ZY :<\/span> Avez-vous mang\u00e9 des sp\u00e9cialit\u00e9s fran\u00e7aises ?<\/strong><\/p>\n<p><span style=\"color: #ff6600;\"><strong>LUV K RAFT :<\/strong><\/span> Nous avons mang\u00e9 du pain fran\u00e7ais d\u00e8s nous sommes arriv\u00e9s ! (rires)<span style=\"color: #ff6600;\"><strong><br \/>\n<\/strong><\/span><\/p>\n<p><strong><span style=\"color: #ff0000;\">ZY :<\/span> <em>Zero Yen<\/em> est situ\u00e9 pr\u00e8s de <em>Marseille<\/em>. Connaissez-vous le sud-est de la <em>France<\/em> ?<\/strong><\/p>\n<p><span style=\"color: #ff6600;\"><strong>LUV K RAFT :<\/strong><\/span> Ah non, nous ne connaissons pas du tout ! Parlez-nous en !<\/p>\n<p><strong><span style=\"color: #ff0000;\">ZY :<\/span> Hmmm, nous sommes en <em>Provence<\/em> qui est c\u00e9l\u00e8bre pour sa lavande par exemple. Sinon, il y a l&rsquo;<em>OM<\/em> pour les amateurs de foot ! (rires)<\/strong><\/p>\n<p><span style=\"color: #ff6600;\"><strong>LUV K RAFT :<\/strong><\/span> Nous avons entendu parler de l&rsquo;<em>OM<\/em> ! (rires)<\/p>\n<p><iframe title=\"THE CITY ON BLACK (Japanese ver) \/ LUV K RAFT\" width=\"788\" height=\"443\" src=\"https:\/\/www.youtube.com\/embed\/0oo6o9okdYM?feature=oembed\" frameborder=\"0\" allow=\"accelerometer; autoplay; clipboard-write; encrypted-media; gyroscope; picture-in-picture\" allowfullscreen><\/iframe><\/p>\n<p><strong><span style=\"color: #ff0000;\">ZY :<\/span> En dehors de la musique, avez-vous des loisirs ou des passions ?<\/strong><\/p>\n<p><span style=\"color: #ff6600;\"><strong>LUV K RAFT :<\/strong><\/span> Nous en avons trop ! (rires)<\/p>\n<p><span style=\"color: #339966;\"><strong>Mishu :<\/strong><\/span> J&rsquo;aime bien la danse hip-hop.<span style=\"color: #339966;\"><strong><br \/>\n<\/strong><\/span><\/p>\n<p><span style=\"color: #ff6600;\"><strong>Karen :<\/strong><\/span> J&rsquo;aime bien les choses visuelles comme faire des vid\u00e9os. Mais en ce moment, mon truc, c&rsquo;est le bowling.<\/p>\n<p><span style=\"color: #800080;\"><strong>Kitano :<\/strong><\/span> Pour ma part, je consacre ma vie \u00e0 la musique.<\/p>\n<p><strong><span style=\"color: #ff6600;\">Karen :<\/span><\/strong> Non <em>Kitano<\/em>, c&rsquo;est pas vrai ! (rires) Je le vois tout le temps tra\u00eener sur son PC et il ne fait pas beaucoup de musique ! (rires)<\/p>\n<p><strong><span style=\"color: #ff0000;\">ZY :<\/span> J&rsquo;ai remarqu\u00e9 que les filles sont habill\u00e9es de fa\u00e7on diff\u00e9rente pour <em>Japan Expo<\/em> avec des tenues plus traditionnelles. Y-a-t\u2019il une raison particuli\u00e8re \u00e0 cela ?<\/strong><\/p>\n<p><span style=\"color: #ff6600;\"><strong>LUV K RAFT :<\/strong><\/span> Nous avons choisi ces v\u00eatements tout sp\u00e9cialement pour <em>Japan Expo<\/em>. Ce sont des <em>kimonos<\/em> japonais.<\/p>\n<p><strong><span style=\"color: #ff0000;\">ZY :<\/span> C\u2019est l\u2019heure de la promo ! Quels sont les projets \u00e0 venir pour <em>LUV K RAFT<\/em> ?<br \/>\n<\/strong><\/p>\n<p><span style=\"color: #ff6600;\"><strong>LUV K RAFT :<\/strong><\/span> Bien entendu, nous allons continuer \u00e0 nous produire sur sc\u00e8ne. Mais comme nous avons fait deux mini-albums, nous esp\u00e9rons sortir un album complet d&rsquo;ici fin 2019.<span style=\"color: #ff6600;\"><strong><br \/>\n<\/strong><\/span><\/p>\n<p><strong><span style=\"color: #ff0000;\">ZY :<\/span> Derni\u00e8re question : avez-vous un petit message pour le public fran\u00e7ais ? <\/strong><\/p>\n<p><span style=\"color: #ff6600;\"><strong>LUV K RAFT : <\/strong><\/span>Nous aimerions bien revenir \u00e0 <em>Japan Expo<\/em> ! Comme c&rsquo;est notre premi\u00e8re fois \u00e0 l\u2019\u00e9tranger, nous esp\u00e9rons que ce sera l&rsquo;occasion pour nous de faire des concerts dans d&rsquo;autres pays hors du <em>Japon<\/em>. Et nous esp\u00e9rons aussi que <em>Japan Expo<\/em> nous rappellera !<\/p>\n<p><strong><span style=\"color: #ff0000;\">ZY :<\/span> En tout cas, nous avons h\u00e2te de vous d\u00e9couvrir sur la sc\u00e8ne <em>Karasu<\/em> cet apr\u00e8s-midi !<\/strong><\/p>\n<p><strong><span style=\"color: #ff6600;\">LUV K RAFT :<\/span> <\/strong>Merci beaucoup !<strong><br \/>\n<\/strong><\/p>\n<p><strong><span style=\"color: #ff0000;\">ZY :<\/span> Merci \u00e0 vous et \u00e0 bient\u00f4t peut-\u00eatre !<\/strong><\/p>\n<p><span style=\"color: #ff6600;\"><strong>LUV K RAFT : <\/strong><\/span>Merci !<\/p>\n<p>***********************************<\/p>\n<p><strong>BONUS : vid\u00e9o du showcase de LUV K RAFT \u00e0 Japan Expo (07\/07\/2018) (source : Japan Expo)<\/strong><\/p>\n<p><iframe title=\"Showcase de LUV K RAFT samedi 7 juillet\" width=\"788\" height=\"443\" src=\"https:\/\/www.youtube.com\/embed\/eHHvliFOmGg?feature=oembed\" frameborder=\"0\" allow=\"accelerometer; autoplay; clipboard-write; encrypted-media; gyroscope; picture-in-picture\" allowfullscreen><\/iframe><\/p>\n<p>***********************************<\/p>\n<p><strong>LUV K RAFT sur Internet (en japonais)<\/strong><\/p>\n<p><a href=\"http:\/\/www.fxxkyou.jp\/\" target=\"_blank\" rel=\"noopener\">Site officiel<\/a><br \/>\n<a href=\"https:\/\/twitter.com\/luv_k_raft\" target=\"_blank\" rel=\"noopener\">Twitter officiel<\/a><br \/>\n<a href=\"https:\/\/www.instagram.com\/LUV_K_RAFT\/\" target=\"_blank\" rel=\"noopener\">Instagram officiel<\/a><br \/>\n<a href=\"https:\/\/www.facebook.com\/luvkrafttheband\" target=\"_blank\" rel=\"noopener\">Page Facebook officielle<\/a><br \/>\n<a href=\"https:\/\/www.youtube.com\/user\/numberfromjapan\" target=\"_blank\" rel=\"noopener\">Cha\u00eene YouTube<\/a><\/p>\n<p>***********************************<\/p>\n<p><strong>Remerciements<\/strong><\/p>\n<p>Merci \u00e0 <em>Karen<\/em>, <em>Mishu<\/em>, <em>Kazya<\/em> et <em>Kitano<\/em> pour leur gentillesse et leur disponibilit\u00e9. Merci \u00e9galement au staff de <em>Japan Expo<\/em> pour la traduction et l&rsquo;organisation de cette interview.<\/p>\n","protected":false},"excerpt":{"rendered":"<p>\u00c0 l&rsquo;occasion de la derni\u00e8re Japan Expo \u00e0 Paris, nous avons pu nous entretenir avec le groupe LUV K RAFT.<\/p>\n","protected":false},"author":1,"featured_media":67762,"comment_status":"open","ping_status":"open","sticky":false,"template":"","format":"standard","meta":{"ngg_post_thumbnail":0,"footnotes":""},"categories":[6,18,9,14],"tags":[22624,22693,23340],"class_list":{"0":"post-66695","1":"post","2":"type-post","3":"status-publish","4":"format-standard","5":"has-post-thumbnail","7":"category-featured","8":"category-interviews","9":"category-musique","10":"category-zero-yen","11":"tag-interview","12":"tag-japan-expo","13":"tag-luv-k-raft"},"_links":{"self":[{"href":"https:\/\/www.zero-yen-media.fr\/home2\/wp-json\/wp\/v2\/posts\/66695","targetHints":{"allow":["GET"]}}],"collection":[{"href":"https:\/\/www.zero-yen-media.fr\/home2\/wp-json\/wp\/v2\/posts"}],"about":[{"href":"https:\/\/www.zero-yen-media.fr\/home2\/wp-json\/wp\/v2\/types\/post"}],"author":[{"embeddable":true,"href":"https:\/\/www.zero-yen-media.fr\/home2\/wp-json\/wp\/v2\/users\/1"}],"replies":[{"embeddable":true,"href":"https:\/\/www.zero-yen-media.fr\/home2\/wp-json\/wp\/v2\/comments?post=66695"}],"version-history":[{"count":0,"href":"https:\/\/www.zero-yen-media.fr\/home2\/wp-json\/wp\/v2\/posts\/66695\/revisions"}],"wp:featuredmedia":[{"embeddable":true,"href":"https:\/\/www.zero-yen-media.fr\/home2\/wp-json\/wp\/v2\/media\/67762"}],"wp:attachment":[{"href":"https:\/\/www.zero-yen-media.fr\/home2\/wp-json\/wp\/v2\/media?parent=66695"}],"wp:term":[{"taxonomy":"category","embeddable":true,"href":"https:\/\/www.zero-yen-media.fr\/home2\/wp-json\/wp\/v2\/categories?post=66695"},{"taxonomy":"post_tag","embeddable":true,"href":"https:\/\/www.zero-yen-media.fr\/home2\/wp-json\/wp\/v2\/tags?post=66695"}],"curies":[{"name":"wp","href":"https:\/\/api.w.org\/{rel}","templated":true}]}}