{"id":67026,"date":"2018-09-03T17:22:07","date_gmt":"2018-09-03T15:22:07","guid":{"rendered":"https:\/\/www.zero-yen-media.fr\/home\/?p=67026"},"modified":"2022-06-16T17:18:28","modified_gmt":"2022-06-16T15:18:28","slug":"okko-et-les-fantomes-au-cinema-le-12-septembre","status":"publish","type":"post","link":"https:\/\/www.zero-yen-media.fr\/home2\/2018\/09\/okko-et-les-fantomes-au-cinema-le-12-septembre.html","title":{"rendered":"\u00ab\u00a0OKKO et les fant\u00f4mes\u00a0\u00bb au cin\u00e9ma le 12 septembre"},"content":{"rendered":"<p>C&rsquo;est gr\u00e2ce au distributeur <em>Eurozoom<\/em> que nous aurons la chance de d\u00e9couvrir <em>OKKO et les fant\u00f4mes<\/em> dans les salles obscures ce mois-ci.<!--more--><\/p>\n<p><img fetchpriority=\"high\" decoding=\"async\" class=\"aligncenter wp-image-67027\" title=\"\u00a9 Hiroko Reijo, Asami, KODANSHA \/ WAKAOKAMI Project\" src=\"https:\/\/www.zero-yen-media.fr\/home2\/wp-content\/uploads\/2018\/09\/OKKO_01.png\" alt=\"\" width=\"700\" height=\"394\"><\/p>\n<p>Intitul\u00e9 <em>\u5287\u5834\u7248 \u82e5\u304a\u304b\u307f\u306f\u5c0f\u5b66\u751f! (Wakaokami wa Shougakusei!)<\/em> au <em>Japon<\/em>, ce film d&rsquo;animation est adapt\u00e9 d&rsquo;un livre pour enfants vendu \u00e0 plus de 3 millions d&rsquo;exemplaires sur l&rsquo;archipel. Il s&rsquo;agit du premier long-m\u00e9trage de <em>K\u00f4saka Kitar\u00f4<\/em>, qui a travaill\u00e9 auparavant aux c\u00f4t\u00e9s de <em>Miyazaki Hayao<\/em> au sein du feu <em>Studio Ghibli<\/em>.<\/p>\n<p>Chose rare, nous aurons la primeur de la sortie le 12 septembre prochain dans l&rsquo;hexagone alors que le <em>Japon<\/em> ne l&rsquo;aura qu&rsquo;\u00e0 partir du 21\/09. Il existe \u00e9galement une s\u00e9rie anim\u00e9e, produite par le <em>Studio Madhouse<\/em>, qui est actuellement diffus\u00e9e chez nous sur <em>Manga One<\/em> (offre <em>Pickle TV d&rsquo;Orange<\/em>). Toutefois, l&rsquo;approche de la version TV est diff\u00e9rente et est r\u00e9alis\u00e9e par une autre \u00e9quipe.<\/p>\n<p>Sachez aussi qu&rsquo;un manga en 7 volumes a \u00e9t\u00e9 publi\u00e9 sur l&rsquo;archipel entre 2006 et 2012 dans le magazine <em>Nakayoshi<\/em> (\u00e9ditions <em>Kodansha<\/em>), sp\u00e9cialis\u00e9 dans le <em>shojo<\/em>. Malheureusement, cette adaptation reste in\u00e9dite en <em>France<\/em> pour l&rsquo;instant.<\/p>\n<p>Enfin, rappelons que le film a \u00e9t\u00e9 pr\u00e9sent\u00e9 en comp\u00e9tition officielle au <em>Festival d\u2019Annecy 2018<\/em>. En voici donc les diff\u00e9rentes bandes-annonces.<\/p>\n<p><strong>Synopsis<\/strong><\/p>\n<p><em>Seki Oriko, dite OKKO, est une petite fille formidable et pleine de vie. Sa grand-m\u00e8re qui tient l\u2019auberge familiale la destine \u00e0 prendre le relais. Entre l\u2019\u00e9cole et son travail \u00e0 l\u2019auberge aux c\u00f4t\u00e9s de sa mamie, la jeune Okko apprend \u00e0 grandir, aid\u00e9e par d\u2019\u00e9tranges rencontres de fant\u00f4mes et autres cr\u00e9atures myst\u00e9rieuses !<\/em><\/p>\n<p><strong>Teaser<\/strong><\/p>\n<p><iframe title=\"OKKO ET LES FANTOMES - Teaser - Au cin\u00e9ma le 12 septembre\" width=\"788\" height=\"443\" src=\"https:\/\/www.youtube.com\/embed\/7NuYfbgSBjY?feature=oembed\" frameborder=\"0\" allow=\"accelerometer; autoplay; clipboard-write; encrypted-media; gyroscope; picture-in-picture\" allowfullscreen><\/iframe><\/p>\n<p><strong>Bande-annonce VOST<\/strong><\/p>\n<p><iframe title=\"Okko et les fant\u00f4mes - Bande annonce VO - Au cin\u00e9ma le 12 septembre\" width=\"788\" height=\"443\" src=\"https:\/\/www.youtube.com\/embed\/RJ2Z0f6lGdw?feature=oembed\" frameborder=\"0\" allow=\"accelerometer; autoplay; clipboard-write; encrypted-media; gyroscope; picture-in-picture\" allowfullscreen><\/iframe><\/p>\n<p><strong>Bande-annonce VF<\/strong><\/p>\n<p><iframe title=\"Okko et les fant\u00f4mes - Bande-annonce VF - Au cin\u00e9ma le 12 septembre\" width=\"788\" height=\"443\" src=\"https:\/\/www.youtube.com\/embed\/k5ILm-T3rU4?feature=oembed\" frameborder=\"0\" allow=\"accelerometer; autoplay; clipboard-write; encrypted-media; gyroscope; picture-in-picture\" allowfullscreen><\/iframe><\/p>\n<p>Source : Eurozoom<\/p>\n","protected":false},"excerpt":{"rendered":"<p>C&rsquo;est gr\u00e2ce au distributeur Eurozoom que nous aurons la chance de d\u00e9couvrir OKKO et les fant\u00f4mes dans les salles obscures ce mois-ci.<\/p>\n","protected":false},"author":1,"featured_media":86269,"comment_status":"open","ping_status":"open","sticky":false,"template":"","format":"standard","meta":{"ngg_post_thumbnail":0,"footnotes":""},"categories":[15,2,3,10],"tags":[21098,22023,22115,23920,25411,25822],"class_list":{"0":"post-67026","1":"post","2":"type-post","3":"status-publish","4":"format-standard","5":"has-post-thumbnail","7":"category-anime-anime-cinema","8":"category-anime-cinema","9":"category-cinema-anime-cinema","10":"category-news","11":"tag-animation","12":"tag-eurozoom","13":"tag-film","14":"tag-okko-et-les-fantomes","15":"tag-wakaokami-wa-shougakusei","16":"tag-25822"},"_links":{"self":[{"href":"https:\/\/www.zero-yen-media.fr\/home2\/wp-json\/wp\/v2\/posts\/67026","targetHints":{"allow":["GET"]}}],"collection":[{"href":"https:\/\/www.zero-yen-media.fr\/home2\/wp-json\/wp\/v2\/posts"}],"about":[{"href":"https:\/\/www.zero-yen-media.fr\/home2\/wp-json\/wp\/v2\/types\/post"}],"author":[{"embeddable":true,"href":"https:\/\/www.zero-yen-media.fr\/home2\/wp-json\/wp\/v2\/users\/1"}],"replies":[{"embeddable":true,"href":"https:\/\/www.zero-yen-media.fr\/home2\/wp-json\/wp\/v2\/comments?post=67026"}],"version-history":[{"count":1,"href":"https:\/\/www.zero-yen-media.fr\/home2\/wp-json\/wp\/v2\/posts\/67026\/revisions"}],"predecessor-version":[{"id":86270,"href":"https:\/\/www.zero-yen-media.fr\/home2\/wp-json\/wp\/v2\/posts\/67026\/revisions\/86270"}],"wp:featuredmedia":[{"embeddable":true,"href":"https:\/\/www.zero-yen-media.fr\/home2\/wp-json\/wp\/v2\/media\/86269"}],"wp:attachment":[{"href":"https:\/\/www.zero-yen-media.fr\/home2\/wp-json\/wp\/v2\/media?parent=67026"}],"wp:term":[{"taxonomy":"category","embeddable":true,"href":"https:\/\/www.zero-yen-media.fr\/home2\/wp-json\/wp\/v2\/categories?post=67026"},{"taxonomy":"post_tag","embeddable":true,"href":"https:\/\/www.zero-yen-media.fr\/home2\/wp-json\/wp\/v2\/tags?post=67026"}],"curies":[{"name":"wp","href":"https:\/\/api.w.org\/{rel}","templated":true}]}}