{"id":67381,"date":"2018-10-23T00:58:29","date_gmt":"2018-10-22T22:58:29","guid":{"rendered":"https:\/\/www.zero-yen-media.fr\/home\/?p=67381"},"modified":"2022-06-15T17:24:47","modified_gmt":"2022-06-15T15:24:47","slug":"les-sorties-anime-du-mois-doctobre-2018","status":"publish","type":"post","link":"https:\/\/www.zero-yen-media.fr\/home2\/2018\/10\/les-sorties-anime-du-mois-doctobre-2018.html","title":{"rendered":"Les sorties anime du mois d&rsquo;octobre 2018"},"content":{"rendered":"<p>Nous vous pr\u00e9sentons les anime du mois que vous pourrez retrouver dans votre magasin le plus proche, sous r\u00e9serve d&rsquo;\u00e9ventuels retards.<!--more--><\/p>\n<p><strong><a href=\"https:\/\/www.zero-yen-media.fr\/home2\/wp-content\/uploads\/2018\/10\/beyblade_burst_c1.jpg\"><img fetchpriority=\"high\" decoding=\"async\" class=\"alignleft size-medium wp-image-67384\" src=\"https:\/\/www.zero-yen-media.fr\/home2\/wp-content\/uploads\/2018\/10\/beyblade_burst_c1-214x300.jpg\" alt=\"\" width=\"200\" height=\"300\"><\/a>Beyblade Burst &#8211; Saison 1 &#8211; Coffret Vol. 1 (VF uniquement)<br \/>\n<\/strong><\/p>\n<p>Valt Aoi est un coll\u00e9gien tr\u00e8s courageux, totalement fan de Beyblade, les toupies que tout le monde s\u2019arrache au coll\u00e8ge. Il travaille tr\u00e8s dur et s\u2019entra\u00eene tous les jours avec sa toupie Valkyrie pour s\u2019am\u00e9liorer et devenir de plus en plus performant. Son plus grand r\u00eave : devenir le meilleur joueur du monde entier. Son meilleur ami Shu Kurenai est consid\u00e9r\u00e9 comme un v\u00e9ritable prodige de Beyblade car il a d\u00e9j\u00e0 \u00e9t\u00e9 nomm\u00e9 \u00e0 la finale du tournoi national de Beyblade.<\/p>\n<p><strong>Prix de vente : <span style=\"color: #ff0000;\">29,99 <em>\u20ac<\/em><\/span><\/strong><\/p>\n<p>&nbsp;<\/p>\n<p>&nbsp;<\/p>\n<p><strong><a href=\"https:\/\/www.zero-yen-media.fr\/home2\/wp-content\/uploads\/2018\/10\/beyblade_burst_c2.jpg\"><img decoding=\"async\" class=\"alignleft size-medium wp-image-67385\" src=\"https:\/\/www.zero-yen-media.fr\/home2\/wp-content\/uploads\/2018\/10\/beyblade_burst_c2-203x300.jpg\" alt=\"\" width=\"200\" height=\"300\"><\/a>Beyblade Burst &#8211; Saison 1 &#8211; Coffret Vol. 2 (VF uniquement)<br \/>\n<\/strong><\/p>\n<p>Valt Aoi est un coll\u00e9gien tr\u00e8s courageux, totalement fan de Beyblade, les toupies que tout le monde s\u2019arrache au coll\u00e8ge. Il travaille tr\u00e8s dur et s\u2019entra\u00eene tous les jours avec sa toupie Valkyrie pour s\u2019am\u00e9liorer et devenir de plus en plus performant. Son plus grand r\u00eave : devenir le meilleur joueur du monde entier. Son meilleur ami Shu Kurenai est consid\u00e9r\u00e9 comme un v\u00e9ritable prodige de Beyblade car il a d\u00e9j\u00e0 \u00e9t\u00e9 nomm\u00e9 \u00e0 la finale du tournoi national de Beyblade.<\/p>\n<p><strong>Prix de vente : <span style=\"color: #ff0000;\">29,99 <em>\u20ac<\/em><\/span><\/strong><\/p>\n<p>&nbsp;<\/p>\n<p>&nbsp;<\/p>\n<p>&nbsp;<\/p>\n<p><strong><a href=\"https:\/\/www.zero-yen-media.fr\/home2\/wp-content\/uploads\/2018\/10\/one_piece_ecl_partie2.jpg\"><img decoding=\"async\" class=\"alignleft size-medium wp-image-67386\" src=\"https:\/\/www.zero-yen-media.fr\/home2\/wp-content\/uploads\/2018\/10\/one_piece_ecl_partie2-178x300.jpg\" alt=\"\" width=\"200\" height=\"300\"><\/a>One Piece &#8211; Edition limit\u00e9e collector &#8211; Partie 2 (VO &#8211; VF)<br \/>\n<\/strong><\/p>\n<p>La seconde partie de la s\u00e9rie One Piece dans une nouvelle \u00e9dition collector limit\u00e9e avec contenu exclusif !<\/p>\n<p>Luffy et ses compagnons arrivent sur Long Ring Long Land, l&rsquo;\u00eele o\u00f9 tout est d\u00e9mesur\u00e9. Ils ne se doutent pas u&rsquo;en faisant la rencontre de Foxy le Renard argent\u00e9, ils vont devoir jouer leur amiti\u00e9 dans une partie de Davy Back Fight, un jeu d\u00e9moniaque o\u00f9 l&rsquo;on ne s&rsquo;ennuie pas&#8230;<\/p>\n<p>Mais tout ceci n&rsquo;est qu&rsquo;un avant-go\u00fbt de ce qui les attend \u00e0 Water Seven : s\u00e9paration, espionnage, reddition, l&rsquo;\u00e9quipage au Chapeau de Paille n&rsquo;est pas au bout de ses surprises !<\/p>\n<p>Arcs compris dans ce coffret : Dafy Back Fight et Water Seven<\/p>\n<p><strong>Prix de vente : <span style=\"color: #ff0000;\">119,95 <em>\u20ac<\/em><\/span><\/strong><\/p>\n<p>&nbsp;<\/p>\n<p><strong><a href=\"https:\/\/www.zero-yen-media.fr\/home2\/wp-content\/uploads\/2018\/10\/boruto_br_c1.jpg\"><img loading=\"lazy\" decoding=\"async\" class=\"alignleft size-medium wp-image-67387\" src=\"https:\/\/www.zero-yen-media.fr\/home2\/wp-content\/uploads\/2018\/10\/boruto_br_c1-214x300.jpg\" alt=\"\" width=\"200\" height=\"300\"><\/a>Boruto &#8211; Naruto Next Generations &#8211; Coffret Blu-Ray Vol.1 (VO &#8211; VF)<br \/>\n<\/strong><\/p>\n<p>L\u2019intr\u00e9pide Boruto Uzumaki a Naruto pour Papa. Sarada Uchiwa est dot\u00e9e d\u2019un potentiel extraordinaire : quoi de plus normal pour la fille de Sasuke et de Sakura ? Quant au flegmatique Mitsuki, qui a-t-il pour p\u00e8re ?<\/p>\n<p>Tout trois vont devoir affronter les premi\u00e8res \u00e9preuves de l\u2019adolescence. En l\u2019absence de son p\u00e8re, accapar\u00e9 par son r\u00f4le de chef, Boruto saura-t-il suivre le bon chemin ? Quel nouveau danger plane sur Konoha et le monde ninja ?<\/p>\n<p><strong>Prix de vente : <span style=\"color: #ff0000;\">39,99 <em>\u20ac<\/em><\/span><\/strong><\/p>\n<p>&nbsp;<\/p>\n<p>&nbsp;<\/p>\n<p><strong><a href=\"https:\/\/www.zero-yen-media.fr\/home2\/wp-content\/uploads\/2018\/10\/boruto_dvd_c1.jpg\"><img loading=\"lazy\" decoding=\"async\" class=\"alignleft size-medium wp-image-67388\" src=\"https:\/\/www.zero-yen-media.fr\/home2\/wp-content\/uploads\/2018\/10\/boruto_dvd_c1-214x300.jpg\" alt=\"\" width=\"200\" height=\"300\"><\/a>Boruto &#8211; Naruto Next Generations &#8211; Coffret DVD Vol.1 (VO &#8211; VF)<br \/>\n<\/strong><\/p>\n<p>L\u2019intr\u00e9pide Boruto Uzumaki a Naruto pour Papa. Sarada Uchiwa est dot\u00e9e d\u2019un potentiel extraordinaire : quoi de plus normal pour la fille de Sasuke et de Sakura ? Quant au flegmatique Mitsuki, qui a-t-il pour p\u00e8re ?<\/p>\n<p>Tout trois vont devoir affronter les premi\u00e8res \u00e9preuves de l\u2019adolescence. En l\u2019absence de son p\u00e8re, accapar\u00e9 par son r\u00f4le de chef, Boruto saura-t-il suivre le bon chemin ? Quel nouveau danger plane sur Konoha et le monde ninja ?<\/p>\n<p><strong>Prix de vente : <span style=\"color: #ff0000;\">39,99 <em>\u20ac<\/em><\/span><\/strong><\/p>\n<p>&nbsp;<\/p>\n<p>&nbsp;<\/p>\n<p><strong><a href=\"https:\/\/www.zero-yen-media.fr\/home2\/wp-content\/uploads\/2018\/10\/fma_collector_br.jpg\"><img loading=\"lazy\" decoding=\"async\" class=\"alignleft size-medium wp-image-67389\" src=\"https:\/\/www.zero-yen-media.fr\/home2\/wp-content\/uploads\/2018\/10\/fma_collector_br-300x265.jpg\" alt=\"\" width=\"300\" height=\"250\"><\/a>Fullmetal Alchemist &#8211; Int\u00e9grale Blu-Ray (VO &#8211; VF)<br \/>\n<\/strong><\/p>\n<p>Fin du XIXe si\u00e8cle. Dans un monde parall\u00e8le o\u00f9 r\u00e8gne l&rsquo;alchimie, le pouvoir de transformer la mati\u00e8re, Edward et Alphonse Elric, fils d&rsquo;un alchimiste de renom port\u00e9 disparu, perdent \u00e9galement leur m\u00e8re, victime de la maladie. Les deux jeunes prodiges vont tenter de la ramener \u00e0 la vie gr\u00e2ce \u00e0 leur savoir. Mais comme toute science, l&rsquo;alchimie exige le respect de certaines r\u00e8gles que les deux fr\u00e8res vont transgresser. Leur tentative de r\u00e9surrection tourne d\u00e8s lors au d\u00e9sastre : Edward perd un bras et une jambe tandis qu&rsquo;Alphonse est compl\u00e8tement d\u00e9mat\u00e9rialis\u00e9. Heureusement Edward r\u00e9ussira \u00e0 enfermer l&rsquo;\u00e2me de son fr\u00e8re dans une armure. D\u00e9bute alors les aventures de ce duo fraternel qui grimpera tr\u00e8s rapidement les \u00e9chelons de l&rsquo;alchimie d&rsquo;Etat et dont le but est de retrouver la pierre philosophale dont le pouvoir devrait leur permettre de retrouver leurs corps d&rsquo;origine et peut\u00eatre m\u00eame de ressusciter leur m\u00e8re.<\/p>\n<p><strong>Prix de vente :<\/strong> <span style=\"color: #ff0000;\"><strong>99,99 <em>\u20ac<\/em><\/strong><\/span><\/p>\n<p><strong><a href=\"https:\/\/www.zero-yen-media.fr\/home2\/wp-content\/uploads\/2018\/10\/code_geass_s12_br.jpg\"><img loading=\"lazy\" decoding=\"async\" class=\"alignleft size-medium wp-image-67390\" src=\"https:\/\/www.zero-yen-media.fr\/home2\/wp-content\/uploads\/2018\/10\/code_geass_s12_br-300x175.jpg\" alt=\"\" width=\"300\" height=\"200\"><\/a>Code Geass &#8211; Lelouch of the Rebellion &#8211; Int\u00e9grale Saisons 1 et 2 &#8211; Blu-Ray (VO &#8211; VF)<br \/>\n<\/strong><\/p>\n<p>En sauvant une myst\u00e9rieuse jeune femme, Lelouch re\u00e7oit le pouvoir du Geass. Avec ce don, qui lui permet de manipuler quiconque le regarde dans les yeux, il d\u00e9cide d&rsquo;aider les japonais \u00e0 se r\u00e9volter contre l&rsquo;Empire Britania et d\u00e9couvrir dans le m\u00eame temps qui a commandit\u00e9 l&rsquo;assassinat de sa m\u00e8re lorsqu&rsquo;il \u00e9tait enfant. Mais pour arriver \u00e0 ses fins il doit \u00eatre pr\u00eat \u00e0 sacrifier m\u00eame ses amis les plus proches&#8230;<\/p>\n<p><strong>Prix de vente :<\/strong> <span style=\"color: #ff0000;\"><strong>119,99 <em>\u20ac<\/em><\/strong><\/span><\/p>\n<p><strong><a href=\"https:\/\/www.zero-yen-media.fr\/home2\/wp-content\/uploads\/2018\/10\/code_geass_s12_dvd.jpg\"><img loading=\"lazy\" decoding=\"async\" class=\"alignleft size-medium wp-image-67391\" src=\"https:\/\/www.zero-yen-media.fr\/home2\/wp-content\/uploads\/2018\/10\/code_geass_s12_dvd-300x175.jpg\" alt=\"\" width=\"300\" height=\"200\"><\/a>Code Geass &#8211; Lelouch of the Rebellion &#8211; Int\u00e9grale Saisons 1 et 2 DVD (VO &#8211; VF)<br \/>\n<\/strong><\/p>\n<p>En sauvant une myst\u00e9rieuse jeune femme, Lelouch re\u00e7oit le pouvoir du Geass. Avec ce don, qui lui permet de manipuler quiconque le regarde dans les yeux, il d\u00e9cide d&rsquo;aider les japonais \u00e0 se r\u00e9volter contre l&rsquo;Empire Britania et d\u00e9couvrir dans le m\u00eame temps qui a commandit\u00e9 l&rsquo;assassinat de sa m\u00e8re lorsqu&rsquo;il \u00e9tait enfant. Mais pour arriver \u00e0 ses fins il doit \u00eatre pr\u00eat \u00e0 sacrifier m\u00eame ses amis les plus proches&#8230;<\/p>\n<p><strong>Prix de vente :<\/strong> <span style=\"color: #ff0000;\"><strong>99,99 <em>\u20ac<\/em><\/strong><\/span><\/p>\n<p><strong><a href=\"https:\/\/www.zero-yen-media.fr\/home2\/wp-content\/uploads\/2018\/10\/princesse_sarah_int_br.jpg\"><img loading=\"lazy\" decoding=\"async\" class=\"alignleft size-medium wp-image-67392\" src=\"https:\/\/www.zero-yen-media.fr\/home2\/wp-content\/uploads\/2018\/10\/princesse_sarah_int_br-264x300.jpg\" alt=\"\" width=\"250\" height=\"300\"><\/a>Princesse Sarah &#8211; Int\u00e9grale Blu-Ray (VO &#8211; VF)<br \/>\n<\/strong><\/p>\n<p>En 1885, Sarah Crew arrive depuis les Indes \u00e0 Londres avec son P\u00e8re. Ce dernier confie sa fille \u00e0 la pension de Melle Mangin afin qu\u2019elle y re\u00e7oive une bonne \u00e9ducation. Sarah vit comme une princesse gr\u00e2ce notamment \u00e0 la fortune de son p\u00e8re mais elle garde la t\u00eate sur les \u00e9paules et elle n\u2019h\u00e9site pas \u00e0 venir en aide de ses amis. Jusqu\u2019au jour o\u00f9 lors de son anniversaire elle apprends que son p\u00e8re est mort et qui plus est ruin\u00e9. La voil\u00e0 orpheline, sans un sou. Melle Mangin accepte de la garder mais en tant que bonne \u00e0 tout faire. La descente aux enfers commence&#8230;<\/p>\n<p><strong>Prix de vente :<\/strong> <span style=\"color: #ff0000;\"><strong>59,99 <em>\u20ac<\/em><\/strong><\/span><\/p>\n<p>&nbsp;<\/p>\n<p>&nbsp;<\/p>\n<p><strong><a href=\"https:\/\/www.zero-yen-media.fr\/home2\/wp-content\/uploads\/2018\/10\/princesse_sarah_int_dvd.jpg\"><img loading=\"lazy\" decoding=\"async\" class=\"alignleft size-medium wp-image-67395\" src=\"https:\/\/www.zero-yen-media.fr\/home2\/wp-content\/uploads\/2018\/10\/princesse_sarah_int_dvd-255x300.jpg\" alt=\"\" width=\"250\" height=\"300\"><\/a>Princesse Sarah &#8211; Int\u00e9grale DVD (VO &#8211; VF)<br \/>\n<\/strong><\/p>\n<p>En 1885, Sarah Crew arrive depuis les Indes \u00e0 Londres avec son P\u00e8re. Ce dernier confie sa fille \u00e0 la pension de Melle Mangin afin qu\u2019elle y re\u00e7oive une bonne \u00e9ducation. Sarah vit comme une princesse gr\u00e2ce notamment \u00e0 la fortune de son p\u00e8re mais elle garde la t\u00eate sur les \u00e9paules et elle n\u2019h\u00e9site pas \u00e0 venir en aide de ses amis. Jusqu\u2019au jour o\u00f9 lors de son anniversaire elle apprends que son p\u00e8re est mort et qui plus est ruin\u00e9. La voil\u00e0 orpheline, sans un sou. Melle Mangin accepte de la garder mais en tant que bonne \u00e0 tout faire. La descente aux enfers commence&#8230;<\/p>\n<p><strong>Prix de vente : <span style=\"color: #ff0000;\">49,99 <em>\u20ac<\/em><\/span><\/strong><\/p>\n<p>&nbsp;<\/p>\n<p>&nbsp;<\/p>\n<p><strong><a href=\"https:\/\/www.zero-yen-media.fr\/home2\/wp-content\/uploads\/2018\/10\/terra_formars_el_int_br.jpg\"><img loading=\"lazy\" decoding=\"async\" class=\"alignleft size-medium wp-image-67396\" src=\"https:\/\/www.zero-yen-media.fr\/home2\/wp-content\/uploads\/2018\/10\/terra_formars_el_int_br-300x175.jpg\" alt=\"\" width=\"300\" height=\"200\"><\/a>Terra Formars &#8211; Int\u00e9grale Saisons 1 et 2 &#8211; Blu-Ray <\/strong><\/p>\n<p>La population terrienne en constante augmentation \u00e9puise toujours plus les ressources de sa plan\u00e8te. Seule solution pour \u00e9viter l&rsquo;extinction : faire prolif\u00e9rer sur Mars l&rsquo;unique forme de vie capable d&rsquo;endurer son environnement et de le rendre habitable\u2026 le cafard. An 2599 : La terraformation entre dans sa phase finale et les rampants doivent maintenant \u00eatre extermin\u00e9s. \u00c0 bord du vaisseau spatial \u201cBugs 2&Prime;, quinze jeunes gens venus des quatre coins du globe, et g\u00e9n\u00e9tiquement modifi\u00e9s en vue de cette t\u00e2che, s&rsquo;appr\u00eatent \u00e0 atterrir sur Mars. Ils ignorent encore tout du sort de leurs pr\u00e9d\u00e9cesseurs disparus en tentant de remplir la m\u00eame mission\u2026 Et si la th\u00e9orie de l&rsquo;\u00e9volution ne s&rsquo;appliquait pas qu&rsquo;\u00e0 l&rsquo;Homme ?<\/p>\n<p><strong>Prix de vente :<\/strong> <span style=\"color: #ff0000;\"><strong>99,99<\/strong><\/span><\/p>\n<p><strong><a href=\"https:\/\/www.zero-yen-media.fr\/home2\/wp-content\/uploads\/2018\/10\/terra_formars_el_int_dvd.jpg\"><img loading=\"lazy\" decoding=\"async\" class=\"alignleft size-medium wp-image-67397\" src=\"https:\/\/www.zero-yen-media.fr\/home2\/wp-content\/uploads\/2018\/10\/terra_formars_el_int_dvd-300x175.jpg\" alt=\"\" width=\"300\" height=\"200\"><\/a>Terra Formars &#8211; Int\u00e9grale Saisons 1 et 2 &#8211; DVD (VO &#8211; VF)<br \/>\n<\/strong><\/p>\n<p>La population terrienne en constante augmentation \u00e9puise toujours plus les ressources de sa plan\u00e8te. Seule solution pour \u00e9viter l&rsquo;extinction : faire prolif\u00e9rer sur Mars l&rsquo;unique forme de vie capable d&rsquo;endurer son environnement et de le rendre habitable\u2026 le cafard. An 2599 : La terraformation entre dans sa phase finale et les rampants doivent maintenant \u00eatre extermin\u00e9s. \u00c0 bord du vaisseau spatial \u201cBugs 2&Prime;, quinze jeunes gens venus des quatre coins du globe, et g\u00e9n\u00e9tiquement modifi\u00e9s en vue de cette t\u00e2che, s&rsquo;appr\u00eatent \u00e0 atterrir sur Mars. Ils ignorent encore tout du sort de leurs pr\u00e9d\u00e9cesseurs disparus en tentant de remplir la m\u00eame mission\u2026 Et si la th\u00e9orie de l&rsquo;\u00e9volution ne s&rsquo;appliquait pas qu&rsquo;\u00e0 l&rsquo;Homme ?<\/p>\n<p><strong>Prix de vente :<\/strong> <span style=\"color: #ff0000;\"><strong>89,99<\/strong><\/span><\/p>\n<p><strong><a href=\"https:\/\/www.zero-yen-media.fr\/home2\/wp-content\/uploads\/2018\/10\/genocidal_organ_dvd_br.jpg\"><img loading=\"lazy\" decoding=\"async\" class=\"alignleft size-medium wp-image-67399\" src=\"https:\/\/www.zero-yen-media.fr\/home2\/wp-content\/uploads\/2018\/10\/genocidal_organ_dvd_br-300x211.jpg\" alt=\"\" width=\"300\" height=\"200\"><\/a>Genocidal Organ &#8211; Collector Combo Blu-Ray\/DVD (VO &#8211; VF)<br \/>\n<\/strong><\/p>\n<p>Apr\u00e8s l\u2019\u00e9v\u00e9nement du 11 Septembre 2001, la surveillance de masse a \u00e9t\u00e9 consacr\u00e9e comme solution \u00e0 la pression s\u00e9curitaire. En 2015, la ville de Sarajevo est d\u00e9vast\u00e9e par une arme nucl\u00e9aire de construction artisanale d\u2019origine terroriste. Alors que des conflits et g\u00e9nocides se d\u00e9clenchent aux quatre coins du monde, les Etats-Unis plongent dans une r\u00e9pression compl\u00e8te des libert\u00e9s individuelles o\u00f9 toutes les actions sont surveill\u00e9es. Le capitaine des forces sp\u00e9ciales, Clavis Shepherd, est missionn\u00e9 pour enqu\u00eater sur l\u2019origine de ces g\u00e9nocides. Les secrets qu\u2019il d\u00e9couvrira finiront par \u00e9branler les fondements de l\u2019humanit\u00e9. En choisissant la s\u00e9curit\u00e9 plut\u00f4t que la libert\u00e9, le co\u00fbt de nos p\u00e9ch\u00e9s pourrait \u00eatre bien plus important que nous n\u2019aurions jamais pu l\u2019imaginer&#8230;<\/p>\n<p><strong>Prix de vente :<\/strong> <span style=\"color: #ff0000;\"><strong>34,95 <em>\u20ac<\/em><\/strong><\/span><\/p>\n<p><strong><a href=\"https:\/\/www.zero-yen-media.fr\/home2\/wp-content\/uploads\/2018\/10\/pop_team_epic_int_s1_br.jpg\"><img loading=\"lazy\" decoding=\"async\" class=\"alignleft size-medium wp-image-67400\" src=\"https:\/\/www.zero-yen-media.fr\/home2\/wp-content\/uploads\/2018\/10\/pop_team_epic_int_s1_br-300x189.jpg\" alt=\"\" width=\"300\" height=\"200\"><\/a>Pop Team Epic &#8211; Int\u00e9grale Saison 1 &#8211; Blu-Ray (VO uniquement)<br \/>\n<\/strong><\/p>\n<p>Adapt\u00e9 d&rsquo;un \u00ab\u00a0manga de merde\u00a0\u00bb pr\u00e9publi\u00e9 sur internet, Pop Team Epic est un violent tourbillon de parodies sur les ph\u00e9nom\u00e8nes r\u00e9cents de la pop-culture: jeu-vid\u00e9o, cin\u00e9ma, anim\u00e9, web, TV, etc&#8230; Saurez-vous retrouver toutes les r\u00e9f\u00e9rences \u00e0 l&rsquo;\u00e9cran, ou serez-vous trop occup\u00e9 \u00e0 vous tordre de rire ? Popuko et Pipimi sont deux soeurs \u00e0 l&rsquo;air adorable. Mais la r\u00e9alit\u00e9 est tout autre. Elles passent leur temps \u00e0 emb\u00eater le monde entier et \u00e0 faire des choses to-ta-le-ment insens\u00e9es. Quand il s&rsquo;agit de se moquer des autres, Popuko est difficilement contr\u00f4lable, et il ne faut pas compter sur Pipimi, sa grande soeur, pour l&rsquo;arr\u00eater&#8230;<\/p>\n<p><strong>Prix de vente :<\/strong> <span style=\"color: #ff0000;\"><strong>19,95 <em>\u20ac<\/em><\/strong><\/span><\/p>\n<p><strong><a href=\"https:\/\/www.zero-yen-media.fr\/home2\/wp-content\/uploads\/2018\/10\/pop_team_epic_int_s1_dvd.jpg\"><img loading=\"lazy\" decoding=\"async\" class=\"alignleft size-medium wp-image-67401\" src=\"https:\/\/www.zero-yen-media.fr\/home2\/wp-content\/uploads\/2018\/10\/pop_team_epic_int_s1_dvd-300x177.jpg\" alt=\"\" width=\"300\" height=\"200\"><\/a>Pop Team Epic &#8211; Int\u00e9grale Saison 1 &#8211; DVD (VO uniquement)<br \/>\n<\/strong><\/p>\n<p>Adapt\u00e9 d&rsquo;un \u00ab\u00a0manga de merde\u00a0\u00bb pr\u00e9publi\u00e9 sur internet, Pop Team Epic est un violent tourbillon de parodies sur les ph\u00e9nom\u00e8nes r\u00e9cents de la pop-culture: jeu-vid\u00e9o, cin\u00e9ma, anim\u00e9, web, TV, etc&#8230; Saurez-vous retrouver toutes les r\u00e9f\u00e9rences \u00e0 l&rsquo;\u00e9cran, ou serez-vous trop occup\u00e9 \u00e0 vous tordre de rire ? Popuko et Pipimi sont deux soeurs \u00e0 l&rsquo;air adorable. Mais la r\u00e9alit\u00e9 est tout autre. Elles passent leur temps \u00e0 emb\u00eater le monde entier et \u00e0 faire des choses to-ta-le-ment insens\u00e9es. Quand il s&rsquo;agit de se moquer des autres, Popuko est difficilement contr\u00f4lable, et il ne faut pas compter sur Pipimi, sa grande soeur, pour l&rsquo;arr\u00eater&#8230;<\/p>\n<p><strong>Prix de vente :<\/strong> <span style=\"color: #ff0000;\"><strong>14,95 <em>\u20ac<\/em><\/strong><\/span><\/p>\n<p><strong><a href=\"https:\/\/www.zero-yen-media.fr\/home2\/wp-content\/uploads\/2018\/10\/sound_euphonium_int_dvd.jpg\"><img loading=\"lazy\" decoding=\"async\" class=\"alignleft size-medium wp-image-67403\" src=\"https:\/\/www.zero-yen-media.fr\/home2\/wp-content\/uploads\/2018\/10\/sound_euphonium_int_dvd-300x193.jpg\" alt=\"\" width=\"300\" height=\"200\"><\/a>Sound ! Euphonium &#8211; Int\u00e9grale Saison 1 &#8211;&nbsp; DVD (VO uniquement)<br \/>\n<\/strong><\/p>\n<p>Le lyc\u00e9e Kitauji avait un Club de Musique de haut niveau, mais il est tomb\u00e9 en d\u00e9su\u00e9tude quand son responsable est parti. C&rsquo;est la rentr\u00e9e pour Kumiko \u00d4mae. Elle qui joue de l&rsquo;euphonium, d\u00e9couvre le Club de musique et se laisserait bien tenter par l&rsquo;aventure avec ses nouvelles camarades de classes, Hazuki et Sapphire. Mais lorsqu&rsquo;elle croise Reina, une ancienne camarade du coll\u00e8ge, qui s&rsquo;inscrit au club juste sous ses yeux, de mauvais souvenirs ressurgissent.Elle qui r\u00eavait d&rsquo;atteindre les plus hauts niveaux de comp\u00e9tition va devoir faire face \u00e0 de nombreux efforts collectifs et sacrifices personnels pour atteindre ses objectifs.<\/p>\n<p><strong>Prix de vente : <span style=\"color: #ff0000;\">34,95 <em>\u20ac<\/em><\/span><\/strong><\/p>\n<p><strong><a href=\"https:\/\/www.zero-yen-media.fr\/home2\/wp-content\/uploads\/2018\/10\/the_reflection_int_dvd.jpg\"><img loading=\"lazy\" decoding=\"async\" class=\"alignleft size-medium wp-image-67406\" src=\"https:\/\/www.zero-yen-media.fr\/home2\/wp-content\/uploads\/2018\/10\/the_reflection_int_dvd-300x245.jpg\" alt=\"\" width=\"300\" height=\"250\"><\/a>THE REFLECTION &#8211; Int\u00e9grale DVD (VO uniquement)<br \/>\n<\/strong><\/p>\n<p>Apr\u00e8s un \u00e9trange ph\u00e9nom\u00e8ne surnaturel appel\u00e9 \u00ab\u00a0La R\u00e9flexion\u00a0\u00bb, de nombreux humains ont obtenu soudainement des pouvoirs super-puissants, plongeant le monde dans un v\u00e9ritable chaos. Certains ont choisis de devenir des h\u00e9ros, tandis que d&rsquo;autres, de se retourner contre l&rsquo;humanit\u00e9. Comment et pourquoi The Reflection est-il arriv\u00e9 ? Existe-t-il un moyen de combattre ce fl\u00e9au ? Avec de nombreux myst\u00e8res non r\u00e9solus, le monde entier est entra\u00een\u00e9 dans la tourmente&#8230;<\/p>\n<p><strong>Prix de vente :<\/strong> <span style=\"color: #ff0000;\"><strong>34,95 <em>\u20ac<\/em><\/strong><\/span><\/p>\n","protected":false},"excerpt":{"rendered":"<p>Nous vous pr\u00e9sentons les anime du mois que vous pourrez retrouver dans votre magasin le plus proche, sous r\u00e9serve d&rsquo;\u00e9ventuels retards.<\/p>\n","protected":false},"author":4,"featured_media":86236,"comment_status":"open","ping_status":"open","sticky":false,"template":"","format":"standard","meta":{"ngg_post_thumbnail":0,"footnotes":""},"categories":[15,2,10],"tags":[20877,21101,23901,24739],"class_list":{"0":"post-67381","1":"post","2":"type-post","3":"status-publish","4":"format-standard","5":"has-post-thumbnail","7":"category-anime-anime-cinema","8":"category-anime-cinema","9":"category-news","10":"tag-20877","11":"tag-anime-2","12":"tag-octobre","13":"tag-sorties"},"_links":{"self":[{"href":"https:\/\/www.zero-yen-media.fr\/home2\/wp-json\/wp\/v2\/posts\/67381","targetHints":{"allow":["GET"]}}],"collection":[{"href":"https:\/\/www.zero-yen-media.fr\/home2\/wp-json\/wp\/v2\/posts"}],"about":[{"href":"https:\/\/www.zero-yen-media.fr\/home2\/wp-json\/wp\/v2\/types\/post"}],"author":[{"embeddable":true,"href":"https:\/\/www.zero-yen-media.fr\/home2\/wp-json\/wp\/v2\/users\/4"}],"replies":[{"embeddable":true,"href":"https:\/\/www.zero-yen-media.fr\/home2\/wp-json\/wp\/v2\/comments?post=67381"}],"version-history":[{"count":1,"href":"https:\/\/www.zero-yen-media.fr\/home2\/wp-json\/wp\/v2\/posts\/67381\/revisions"}],"predecessor-version":[{"id":86237,"href":"https:\/\/www.zero-yen-media.fr\/home2\/wp-json\/wp\/v2\/posts\/67381\/revisions\/86237"}],"wp:featuredmedia":[{"embeddable":true,"href":"https:\/\/www.zero-yen-media.fr\/home2\/wp-json\/wp\/v2\/media\/86236"}],"wp:attachment":[{"href":"https:\/\/www.zero-yen-media.fr\/home2\/wp-json\/wp\/v2\/media?parent=67381"}],"wp:term":[{"taxonomy":"category","embeddable":true,"href":"https:\/\/www.zero-yen-media.fr\/home2\/wp-json\/wp\/v2\/categories?post=67381"},{"taxonomy":"post_tag","embeddable":true,"href":"https:\/\/www.zero-yen-media.fr\/home2\/wp-json\/wp\/v2\/tags?post=67381"}],"curies":[{"name":"wp","href":"https:\/\/api.w.org\/{rel}","templated":true}]}}