{"id":68143,"date":"2019-07-02T13:06:19","date_gmt":"2019-07-02T11:06:19","guid":{"rendered":"https:\/\/www.zero-yen-media.fr\/home\/?p=68143"},"modified":"2019-07-02T13:06:19","modified_gmt":"2019-07-02T11:06:19","slug":"les-enfants-de-la-mer-bientot-dans-les-salles-francaises","status":"publish","type":"post","link":"https:\/\/www.zero-yen-media.fr\/home2\/2019\/07\/les-enfants-de-la-mer-bientot-dans-les-salles-francaises.html","title":{"rendered":"\u00ab\u00a0Les enfants de la mer\u00a0\u00bb bient\u00f4t dans les salles fran\u00e7aises"},"content":{"rendered":"<p>C&rsquo;est de nouveau gr\u00e2ce \u00e0 <em>Eurozoom<\/em> que nous allons pouvoir d\u00e9couvrir un joli film d&rsquo;animation japonaise sur nos \u00e9crans cet \u00e9t\u00e9.<!--more--><\/p>\n<p><img fetchpriority=\"high\" decoding=\"async\" class=\"aligncenter wp-image-68144\" src=\"https:\/\/www.zero-yen-media.fr\/home2\/wp-content\/uploads\/2019\/07\/Les_enfants_de_la_mer_01.jpg\" alt=\"\" width=\"700\" height=\"294\" srcset=\"https:\/\/www.zero-yen-media.fr\/home2\/wp-content\/uploads\/2019\/07\/Les_enfants_de_la_mer_01.jpg 1600w, https:\/\/www.zero-yen-media.fr\/home2\/wp-content\/uploads\/2019\/07\/Les_enfants_de_la_mer_01-300x126.jpg 300w, https:\/\/www.zero-yen-media.fr\/home2\/wp-content\/uploads\/2019\/07\/Les_enfants_de_la_mer_01-1024x431.jpg 1024w, https:\/\/www.zero-yen-media.fr\/home2\/wp-content\/uploads\/2019\/07\/Les_enfants_de_la_mer_01-768x323.jpg 768w, https:\/\/www.zero-yen-media.fr\/home2\/wp-content\/uploads\/2019\/07\/Les_enfants_de_la_mer_01-1536x646.jpg 1536w, https:\/\/www.zero-yen-media.fr\/home2\/wp-content\/uploads\/2019\/07\/Les_enfants_de_la_mer_01-214x90.jpg 214w, https:\/\/www.zero-yen-media.fr\/home2\/wp-content\/uploads\/2019\/07\/Les_enfants_de_la_mer_01-600x252.jpg 600w, https:\/\/www.zero-yen-media.fr\/home2\/wp-content\/uploads\/2019\/07\/Les_enfants_de_la_mer_01-500x210.jpg 500w\" sizes=\"(max-width: 700px) 100vw, 700px\" \/><\/p>\n<p>Intitul\u00e9 <em>Les enfants de la mer<\/em> chez nous (<em>\u6d77\u7363\u306e\u5b50\u4f9b, Kaij\u016b no kodomo<\/em> en VO), ce long-m\u00e9trage est r\u00e9alis\u00e9 par <em>Watanabe Ayumu<\/em> qui a travaill\u00e9 sur la franchise <em>Doraemon<\/em> en tant que collaborateur. Sa mini-s\u00e9rie <em>After the rain<\/em>, diffus\u00e9e en 2018 via le service de VOD <em>Amazon Prime Video<\/em>, lui apportera une reconnaissance internationale.<\/p>\n<p>Ce film est une adaptation anim\u00e9e du manga original de <em>Igarashi Daisuke<\/em> dont le <em>chara design<\/em> a \u00e9t\u00e9 retranscrit \u00e0 l\u2019\u00e9cran par <em>Konishi Kenichi<\/em>. Ce dernier a \u00e9t\u00e9 form\u00e9 au mythique <em>Studio Ghibli<\/em> (excusez du peu !) sur des travaux comme <em>Mes Voisins Les Yamada (\u30db\u30fc\u30db\u30b1\u30ad\u30e7 \u3068\u306a\u308a\u306e\u5c71\u7530\u304f\u3093)<\/em> ou encore <em>Le Conte de la princesse Kaguya (\u304b\u3050\u3084\u59eb\u306e\u7269\u8a9e)<\/em>. Il a aussi \u0153uvr\u00e9 sur <em>Tokyo Godfathers (\u6771\u4eac\u30b4\u30c3\u30c9\u30d5\u30a1\u30fc\u30b6\u30fc\u30ba)<\/em> avec le regrett\u00e9 <em>Kon Satoshi<\/em>. La productrice se nomme <em>Takana Eiko<\/em> : elle avait d\u00e9j\u00e0 tenu ce poste pour <em>Kiki La Petite Sorci\u00e8re (\u9b54\u5973\u306e\u5b85\u6025\u4fbf)<\/em> \u00e0 la fin des ann\u00e9es 1980. Elle est depuis 1986 \u00e0 la t\u00eate de son propre studio : le <em>STUDIO4\u00b0C<\/em>.<\/p>\n<p>Notons la pr\u00e9sence remarqu\u00e9e de <em>Hisaishi Joe<\/em> \u00e0 la composition. Pour les trois du fond qui n&rsquo;auraient pas suivi, ce grand monsieur est l&rsquo;auteur d&rsquo;une grande partie des musiques des films les plus marquants du <em>Studio Ghibli<\/em> comme <em>Princesse Mononoke (\u3082\u306e\u306e\u3051\u59eb)<\/em>, <em>Le Voyage de Chihiro (\u5343\u3068\u5343\u5c0b\u306e\u795e\u96a0\u3057)<\/em> et bien d&rsquo;autres.<\/p>\n<p><strong>Synopsis<\/strong><\/p>\n<p><em>Ruka, jeune lyc\u00e9enne, vit avec sa m\u00e8re, avec qui elle ne s\u2019entend pas toujours tr\u00e8s bien.&nbsp; Elle se consacre \u00e0 sa passion du handball. H\u00e9las, elle se fait injustement exclure de son \u00e9quipe le 1er jour des vacances.<\/em><\/p>\n<p><em>Furieuse et d\u00e9s\u0153uvr\u00e9e, elle erre dans la ville et d\u00e9cide de rendre visite \u00e0 son p\u00e8re \u00e0 l\u2019aquarium o\u00f9 il travaille. Elle y rencontre un \u00e9trange gar\u00e7on, Umi, qui joue avec les poissons dans un des bassins. Il semble avoir le don de communiquer avec les animaux aquatiques. Ruka est fascin\u00e9e et se lie tr\u00e8s vite d\u2019amiti\u00e9 avec lui.<\/em><\/p>\n<p><em>Un soir, alors qu\u2019ils sont tous deux au bord de l\u2019eau, des \u00e9v\u00e9nements surnaturels se produisent. D\u2019abord une pluie de m\u00e9t\u00e9ores, puis l\u2019apparition de Sora, le fr\u00e8re de Umi. Tous deux sont orphelins et disent avoir \u00e9t\u00e9 \u00e9lev\u00e9s par des dugongs ! Sora confie \u00e0 Ruka une m\u00e9t\u00e9orite puis tout \u00e0 coup, le gar\u00e7on se couvre de particules lumineuses et dispara\u00eet dans l\u2019oc\u00e9an ! <\/em><em>Ruka d\u00e9cide alors de partir \u00e0 sa recherche. Dans cette qu\u00eate extraordinaire elle va faire la rencontre d\u2019animaux fantastiques : requins, orques et autres baleines. Elle comprendra enfin ce que lui avait dit Sora : la cha\u00eene de vie commence et finit dans l\u2019oc\u00e9an, notre m\u00e8re a tous&#8230;<\/em><\/p>\n<p>Vous retrouverez <em>Les enfants de la mer<\/em> dans les salles obscures de <em>France<\/em> et de <em>Navarre<\/em> d\u00e8s le 10 juillet prochain. En attendant de rafra\u00eechir votre \u00e9t\u00e9 dans votre salle de cin\u00e9ma pr\u00e9f\u00e9r\u00e9e, voici la bande-annonce du film en VOST.<\/p>\n<p><iframe title=\"Les Enfants de la Mer - Bande-annonce - Au cin\u00e9ma le 10 juillet\" width=\"788\" height=\"443\" src=\"https:\/\/www.youtube.com\/embed\/WWGnOx_HkUA?feature=oembed\" frameborder=\"0\" allow=\"accelerometer; autoplay; clipboard-write; encrypted-media; gyroscope; picture-in-picture\" allowfullscreen><\/iframe><\/p>\n<p>Source : Eurozoom<\/p>\n","protected":false},"excerpt":{"rendered":"<p>C&rsquo;est de nouveau gr\u00e2ce \u00e0 Eurozoom que nous allons pouvoir d\u00e9couvrir un joli film d&rsquo;animation japonaise sur nos \u00e9crans cet \u00e9t\u00e9.<\/p>\n","protected":false},"author":1,"featured_media":68145,"comment_status":"open","ping_status":"open","sticky":false,"template":"","format":"standard","meta":{"ngg_post_thumbnail":0,"footnotes":""},"categories":[15,2,3,10],"tags":[21098,22023,22115,22826,23223,25945],"class_list":{"0":"post-68143","1":"post","2":"type-post","3":"status-publish","4":"format-standard","5":"has-post-thumbnail","7":"category-anime-anime-cinema","8":"category-anime-cinema","9":"category-cinema-anime-cinema","10":"category-news","11":"tag-animation","12":"tag-eurozoom","13":"tag-film","14":"tag-kaiju-no-kodomo","15":"tag-les-enfants-de-la-mer","16":"tag-25945"},"_links":{"self":[{"href":"https:\/\/www.zero-yen-media.fr\/home2\/wp-json\/wp\/v2\/posts\/68143","targetHints":{"allow":["GET"]}}],"collection":[{"href":"https:\/\/www.zero-yen-media.fr\/home2\/wp-json\/wp\/v2\/posts"}],"about":[{"href":"https:\/\/www.zero-yen-media.fr\/home2\/wp-json\/wp\/v2\/types\/post"}],"author":[{"embeddable":true,"href":"https:\/\/www.zero-yen-media.fr\/home2\/wp-json\/wp\/v2\/users\/1"}],"replies":[{"embeddable":true,"href":"https:\/\/www.zero-yen-media.fr\/home2\/wp-json\/wp\/v2\/comments?post=68143"}],"version-history":[{"count":0,"href":"https:\/\/www.zero-yen-media.fr\/home2\/wp-json\/wp\/v2\/posts\/68143\/revisions"}],"wp:featuredmedia":[{"embeddable":true,"href":"https:\/\/www.zero-yen-media.fr\/home2\/wp-json\/wp\/v2\/media\/68145"}],"wp:attachment":[{"href":"https:\/\/www.zero-yen-media.fr\/home2\/wp-json\/wp\/v2\/media?parent=68143"}],"wp:term":[{"taxonomy":"category","embeddable":true,"href":"https:\/\/www.zero-yen-media.fr\/home2\/wp-json\/wp\/v2\/categories?post=68143"},{"taxonomy":"post_tag","embeddable":true,"href":"https:\/\/www.zero-yen-media.fr\/home2\/wp-json\/wp\/v2\/tags?post=68143"}],"curies":[{"name":"wp","href":"https:\/\/api.w.org\/{rel}","templated":true}]}}