{"id":9649,"date":"2012-04-28T10:42:17","date_gmt":"2012-04-28T08:42:17","guid":{"rendered":"http:\/\/www.zero-yen-media.fr\/home\/?p=9649"},"modified":"2012-04-28T10:42:17","modified_gmt":"2012-04-28T08:42:17","slug":"lauteur-francois-amoretti-en-dedicace-a-aix-en-provence","status":"publish","type":"post","link":"https:\/\/www.zero-yen-media.fr\/home2\/2012\/04\/lauteur-francois-amoretti-en-dedicace-a-aix-en-provence.html","title":{"rendered":"L&rsquo;auteur Fran\u00e7ois Amoretti en d\u00e9dicace \u00e0 Aix-en-Provence"},"content":{"rendered":"<p>A l&rsquo;occasion de la sortie, <strong>le 14 juin<\/strong>, du 1er tome de sa bd <em><strong>Burlesque Girrrl<\/strong><\/em>, le dessinateur et sc\u00e9nariste <strong>Fran\u00e7ois Amoretti<\/strong> sera en d\u00e9dicace dans sa ville d&rsquo;Aix-en-Provence, <strong>le 16 juin \u00e0 La B\u00e9d\u00e9rie.<\/strong><!--more--><\/p>\n<p>Fran\u00e7ois Amoretti est n\u00e9 et vit en Provence. Il a grandi sous l\u2019influence des estampes de Hokusa\u00ef et des gravures de John Tenniel. Il \u00e9tudie les arts appliqu\u00e9s \u00e0 l\u2019\u00c9cole sup\u00e9rieure d\u2019arts graphiques Penninghen \u00e0 Paris, et rejoint le Japon. Il y fait ses premi\u00e8res armes en tant qu\u2019illustrateur pour diff\u00e9rents magazines. De retour en France, il rejoint le studio Gottferdom et d\u00e9couvre en Audrey Alwett une complice fid\u00e8le. Apr\u00e8s trois albums publi\u00e9s ensemble aux \u00e9ditions Soleil, Fran\u00e7ois s\u2019\u00e9mancipe, et il \u00e9crit et illustre ses premiers sc\u00e9narios. Il y m\u00e9lange son amour des pin-up et du rockabilly tout en gardant la finesse et l\u2019\u00e9l\u00e9gance fantasmagorique qui caract\u00e9risent ses travaux. Les \u00e9ditions Ankama \u00e9ditent son premier ouvrage solo, Burlesque Girrrl, au printemps 2012.<\/p>\n<p><strong>Burlesque Girrrl<br \/>\n<\/strong><\/p>\n<p><a href=\"http:\/\/www.zero-yen-media.fr\/home\/wp-content\/uploads\/2012\/04\/burlesque.jpg\"><img fetchpriority=\"high\" decoding=\"async\" class=\"alignleft size-medium wp-image-9650\" title=\"Burlesque Girrrl \u00a9 Fran\u00e7ois Amoretti \/ Ankama Editions\" src=\"http:\/\/www.zero-yen-media.fr\/home\/wp-content\/uploads\/2012\/04\/burlesque-212x300.jpg\" alt=\"\" width=\"212\" height=\"300\" \/><\/a>GIRRRL ou GRRRL. GRRRL comme le nom d\u2019un groupe de rockabilly improbable. GRRRL comme une r\u00e9f\u00e9rence directe au Riot Grrrl, mouvement musical aux id\u00e9es f\u00e9ministes, \u00e0 la crois\u00e9e du punk-rock et du rock alternatif. GIRRRL enfin comme Violette, une jeune pin-up, la vingtaine, pulpeuse et tatou\u00e9e, incarnation rock et burlesque des effeuilleuses Dita Von Teese aux \u00c9tats-Unis et Lady Flo en France. Contrebassiste dans un groupe, mod\u00e8le pour sous-v\u00eatements, elle alterne shootings et concerts, et compose ses morceaux \u00e0 l\u2019occasion. Une fille pas comme les autres et d\u00e9licieusement GRRRL .<\/p>\n<p><em>Auteur : Fran\u00e7ois Amoretti<\/em><br \/>\n<em> Prix de vente : 11,90 \u20ac<\/em><br \/>\n<em> Nombre de volumes : 1 (s\u00e9rie en cours)<\/em><\/p>\n<p><strong>Lieu de la d\u00e9dicace :<\/strong><\/p>\n<p><em>La B\u00e9d\u00e9rie<\/em><br \/>\n<em> 9 rue des cordeliers<\/em><br \/>\n<em> 13100 Aix-en-Provence<\/em><\/p>\n<p>&nbsp;<\/p>\n<p>&nbsp;<\/p>\n<p>Source : <a title=\"Ankama Editions\" href=\"http:\/\/www.ankama.com\/fr\/video-minute-manga\">Ankama Editions<\/a><\/p>\n","protected":false},"excerpt":{"rendered":"<p>A l&rsquo;occasion de la sortie, le 14 juin, du 1er tome de sa bd Burlesque Girrrl, le dessinateur et sc\u00e9nariste Fran\u00e7ois Amoretti sera en d\u00e9dicace dans sa ville d&rsquo;Aix-en-Provence, le 16 juin \u00e0 La B\u00e9d\u00e9rie.<\/p>\n","protected":false},"author":1,"featured_media":9650,"comment_status":"open","ping_status":"open","sticky":false,"template":"","format":"standard","meta":{"ngg_post_thumbnail":0,"footnotes":""},"categories":[2,4,10],"tags":[21007,21445,21795,22177],"class_list":{"0":"post-9649","1":"post","2":"type-post","3":"status-publish","4":"format-standard","5":"has-post-thumbnail","7":"category-anime-cinema","8":"category-divers","9":"category-news","10":"tag-aix-en-provence","11":"tag-burlesque-girrrl","12":"tag-dedicace","13":"tag-francois-amoretti"},"_links":{"self":[{"href":"https:\/\/www.zero-yen-media.fr\/home2\/wp-json\/wp\/v2\/posts\/9649","targetHints":{"allow":["GET"]}}],"collection":[{"href":"https:\/\/www.zero-yen-media.fr\/home2\/wp-json\/wp\/v2\/posts"}],"about":[{"href":"https:\/\/www.zero-yen-media.fr\/home2\/wp-json\/wp\/v2\/types\/post"}],"author":[{"embeddable":true,"href":"https:\/\/www.zero-yen-media.fr\/home2\/wp-json\/wp\/v2\/users\/1"}],"replies":[{"embeddable":true,"href":"https:\/\/www.zero-yen-media.fr\/home2\/wp-json\/wp\/v2\/comments?post=9649"}],"version-history":[{"count":0,"href":"https:\/\/www.zero-yen-media.fr\/home2\/wp-json\/wp\/v2\/posts\/9649\/revisions"}],"wp:featuredmedia":[{"embeddable":true,"href":"https:\/\/www.zero-yen-media.fr\/home2\/wp-json\/"}],"wp:attachment":[{"href":"https:\/\/www.zero-yen-media.fr\/home2\/wp-json\/wp\/v2\/media?parent=9649"}],"wp:term":[{"taxonomy":"category","embeddable":true,"href":"https:\/\/www.zero-yen-media.fr\/home2\/wp-json\/wp\/v2\/categories?post=9649"},{"taxonomy":"post_tag","embeddable":true,"href":"https:\/\/www.zero-yen-media.fr\/home2\/wp-json\/wp\/v2\/tags?post=9649"}],"curies":[{"name":"wp","href":"https:\/\/api.w.org\/{rel}","templated":true}]}}